{"id":1187,"date":"2013-08-06T11:47:02","date_gmt":"2013-08-06T09:47:02","guid":{"rendered":"http:\/\/federacioncantabradehipica.com\/web\/?p=1187"},"modified":"2013-08-06T12:24:28","modified_gmt":"2013-08-06T10:24:28","slug":"maria-martin-con-perdigon-i-se-impone-en-el-raid-de-medio-cudeyo","status":"publish","type":"post","link":"https:\/\/federacioncantabradehipica.com\/web\/?p=1187","title":{"rendered":"Mar\u00eda Mart\u00edn con &#8216;Perdig\u00f3n I&#8217; se impone en el Raid de Medio Cudeyo"},"content":{"rendered":"<p>El pasado domingo se celebr\u00f3 en la localidad c\u00e1ntabra de\u00a0<strong>Solares\u00a0<\/strong>el Raid Ayuntamiento de Medio Cudeyo en donde la amazona c\u00e1ntabra <strong>Mar\u00eda Mart\u00edn De la Torre\u00a0<\/strong>con &#8216;Perdig\u00f3n I&#8217; logr\u00f3 el mejor tiempo de la marcha (2 horas y 32 minutos). Seguna termin\u00f3 la amazona navarra <strong>Paula Baseta\u00a0Olaetxea<\/strong> con &#8216;Maver Invicte&#8217; (2 horas y 36 minutos) y tercero el c\u00e1ntabro <strong>Daniel Garc\u00eda Cano con &#8216;Golum Iren&#8217;.\u00a0<\/strong><\/p>\n<p>El CET-P fue dividido en tres fases y cont\u00f3 con un total de 20 participantes, con presencia de jinetes y amazonas de Navarra, Pa\u00eds Vasco, Asturias&#8230; El &#8216;Best-Condition&#8217; fue para &#8216;Maver Invicte&#8217; montado por\u00a0<strong>Paula Baseta\u00a0Olaetxea.<\/strong><\/p>\n<p><a href=\"https:\/\/i0.wp.com\/federacioncantabradehipica.com\/web\/wp-content\/uploads\/2013\/08\/601358_570198429682890_1296327284_n.jpg\"><img data-recalc-dims=\"1\" loading=\"lazy\" decoding=\"async\" data-attachment-id=\"1188\" data-permalink=\"https:\/\/federacioncantabradehipica.com\/web\/?attachment_id=1188\" data-orig-file=\"https:\/\/i0.wp.com\/federacioncantabradehipica.com\/web\/wp-content\/uploads\/2013\/08\/601358_570198429682890_1296327284_n.jpg?fit=800%2C600&amp;ssl=1\" data-orig-size=\"800,600\" data-comments-opened=\"0\" data-image-meta=\"{&quot;aperture&quot;:&quot;0&quot;,&quot;credit&quot;:&quot;&quot;,&quot;camera&quot;:&quot;&quot;,&quot;caption&quot;:&quot;&quot;,&quot;created_timestamp&quot;:&quot;0&quot;,&quot;copyright&quot;:&quot;&quot;,&quot;focal_length&quot;:&quot;0&quot;,&quot;iso&quot;:&quot;0&quot;,&quot;shutter_speed&quot;:&quot;0&quot;,&quot;title&quot;:&quot;&quot;}\" data-image-title=\"601358_570198429682890_1296327284_n\" data-image-description=\"\" data-image-caption=\"\" data-large-file=\"https:\/\/i0.wp.com\/federacioncantabradehipica.com\/web\/wp-content\/uploads\/2013\/08\/601358_570198429682890_1296327284_n.jpg?fit=800%2C600&amp;ssl=1\" class=\"size-medium wp-image-1188 aligncenter\" alt=\"601358_570198429682890_1296327284_n\" src=\"https:\/\/i0.wp.com\/federacioncantabradehipica.com\/web\/wp-content\/uploads\/2013\/08\/601358_570198429682890_1296327284_n-300x225.jpg?resize=300%2C225\" width=\"300\" height=\"225\" srcset=\"https:\/\/i0.wp.com\/federacioncantabradehipica.com\/web\/wp-content\/uploads\/2013\/08\/601358_570198429682890_1296327284_n.jpg?resize=300%2C225&amp;ssl=1 300w, https:\/\/i0.wp.com\/federacioncantabradehipica.com\/web\/wp-content\/uploads\/2013\/08\/601358_570198429682890_1296327284_n.jpg?resize=150%2C112&amp;ssl=1 150w, https:\/\/i0.wp.com\/federacioncantabradehipica.com\/web\/wp-content\/uploads\/2013\/08\/601358_570198429682890_1296327284_n.jpg?resize=233%2C175&amp;ssl=1 233w, https:\/\/i0.wp.com\/federacioncantabradehipica.com\/web\/wp-content\/uploads\/2013\/08\/601358_570198429682890_1296327284_n.jpg?w=800&amp;ssl=1 800w\" sizes=\"auto, (max-width: 300px) 100vw, 300px\" \/><\/a><\/p>\n","protected":false},"excerpt":{"rendered":"<p>El pasado domingo se celebr\u00f3 en la localidad c\u00e1ntabra de\u00a0Solares\u00a0el Raid Ayuntamiento de Medio Cudeyo en donde la amazona c\u00e1ntabra Mar\u00eda Mart\u00edn De la Torre\u00a0con &#8216;Perdig\u00f3n I&#8217; logr\u00f3 el mejor tiempo de la marcha (2 horas y 32 minutos). Seguna &hellip; <a href=\"https:\/\/federacioncantabradehipica.com\/web\/?p=1187\">Continuar<\/a><\/p>\n","protected":false},"author":1,"featured_media":1188,"comment_status":"closed","ping_status":"closed","sticky":false,"template":"","format":"standard","meta":{"kt_blocks_editor_width":"","_jetpack_memberships_contains_paid_content":false,"footnotes":"","jetpack_publicize_message":"","jetpack_publicize_feature_enabled":true,"jetpack_social_post_already_shared":false,"jetpack_social_options":{"image_generator_settings":{"template":"highway","default_image_id":0,"font":"","enabled":false},"version":2}},"categories":[6],"tags":[],"class_list":["post-1187","post","type-post","status-publish","format-standard","has-post-thumbnail","hentry","category-noticias"],"jetpack_publicize_connections":[],"jetpack_featured_media_url":"https:\/\/i0.wp.com\/federacioncantabradehipica.com\/web\/wp-content\/uploads\/2013\/08\/601358_570198429682890_1296327284_n.jpg?fit=800%2C600&ssl=1","jetpack_sharing_enabled":true,"jetpack_shortlink":"https:\/\/wp.me\/p3jrBv-j9","jetpack_likes_enabled":false,"_links":{"self":[{"href":"https:\/\/federacioncantabradehipica.com\/web\/index.php?rest_route=\/wp\/v2\/posts\/1187","targetHints":{"allow":["GET"]}}],"collection":[{"href":"https:\/\/federacioncantabradehipica.com\/web\/index.php?rest_route=\/wp\/v2\/posts"}],"about":[{"href":"https:\/\/federacioncantabradehipica.com\/web\/index.php?rest_route=\/wp\/v2\/types\/post"}],"author":[{"embeddable":true,"href":"https:\/\/federacioncantabradehipica.com\/web\/index.php?rest_route=\/wp\/v2\/users\/1"}],"replies":[{"embeddable":true,"href":"https:\/\/federacioncantabradehipica.com\/web\/index.php?rest_route=%2Fwp%2Fv2%2Fcomments&post=1187"}],"version-history":[{"count":3,"href":"https:\/\/federacioncantabradehipica.com\/web\/index.php?rest_route=\/wp\/v2\/posts\/1187\/revisions"}],"predecessor-version":[{"id":1202,"href":"https:\/\/federacioncantabradehipica.com\/web\/index.php?rest_route=\/wp\/v2\/posts\/1187\/revisions\/1202"}],"wp:featuredmedia":[{"embeddable":true,"href":"https:\/\/federacioncantabradehipica.com\/web\/index.php?rest_route=\/wp\/v2\/media\/1188"}],"wp:attachment":[{"href":"https:\/\/federacioncantabradehipica.com\/web\/index.php?rest_route=%2Fwp%2Fv2%2Fmedia&parent=1187"}],"wp:term":[{"taxonomy":"category","embeddable":true,"href":"https:\/\/federacioncantabradehipica.com\/web\/index.php?rest_route=%2Fwp%2Fv2%2Fcategories&post=1187"},{"taxonomy":"post_tag","embeddable":true,"href":"https:\/\/federacioncantabradehipica.com\/web\/index.php?rest_route=%2Fwp%2Fv2%2Ftags&post=1187"}],"curies":[{"name":"wp","href":"https:\/\/api.w.org\/{rel}","templated":true}]}}