{"id":1190,"date":"2013-08-06T11:55:11","date_gmt":"2013-08-06T09:55:11","guid":{"rendered":"http:\/\/federacioncantabradehipica.com\/web\/?p=1190"},"modified":"2013-08-06T11:57:09","modified_gmt":"2013-08-06T09:57:09","slug":"destacada-actuacion-de-cantabros-en-villarcayo-y-luanco","status":"publish","type":"post","link":"https:\/\/federacioncantabradehipica.com\/web\/?p=1190","title":{"rendered":"Destacada actuaci\u00f3n de c\u00e1ntabros en Villarcayo y Luanco"},"content":{"rendered":"<p style=\"text-align: center;\">Jinetes y amazonas de Cantabria lograron este pasado fin de semana muy buenos resultados<\/p>\n<div style=\"text-align: center;\"><!--more--><\/div>\n<div style=\"text-align: justify;\">El jinete c\u00e1ntabro <strong>Sa\u00fal Guti\u00e9rrez Ot\u00ed<\/strong> gan\u00f3 la prueba de <strong>GIV<\/strong> (1.20m) del viernes y del domingo del <strong>CSN2* de Luanco<\/strong> con &#8216;Dime de Gozon&#8217;. \u00a0Y en el Concurso de Saltos Nacional de Villarcayo, amplia presencia de jinetes y amazonas de Cantabria, destacando a un grupo amplio de la Escuela de Equitaci\u00f3n <strong>Equus Liencres,\u00a0<\/strong>algunos de los resultados destacados fueron:<\/div>\n<div style=\"text-align: justify;\"><\/div>\n<div>\n<p><span style=\"text-decoration: underline;\">VIERNES<\/span>:<\/p>\n<ul>\n<li>1.10m: Mar\u00eda Le\u00f3n Gonz\u00e1lez &#8211; Black Beauty (2\u00ba)<\/li>\n<li>1.20m: Sofia Asenjo Carrero &#8211; Dollander (4\u00ba)<\/li>\n<li>1.30m: Jaime Su\u00e1rez P\u00e9rez &#8211; Extra de Ruyco (1\u00ba)<\/li>\n<li>1.30m: Jaime Su\u00e1rez P\u00e9rez &#8211; Dimenar de Wallyro (4\u00ba)<\/li>\n<li>1.30m: Ricardo Iglesias Fernandez &#8211; Clisirea de Wallyro (5\u00ba)<\/li>\n<\/ul>\n<p><span style=\"text-decoration: underline;\">S\u00c1BADO<\/span>:<\/p>\n<ul>\n<li>1.10m: Mar\u00eda Le\u00f3n Gonz\u00e1lez &#8211; Black Beauty (1\u00ba)<\/li>\n<li>1.20m: Victor Lopez Alonso &#8211; Comillas (1\u00ba)<\/li>\n<li>1.20m: Marta Perez Cuesta &#8211; Calypsa (4\u00ba)<\/li>\n<li>1.30m: Mario Garc\u00eda G\u00f3mez-Otero &#8211; Zabaleta (2\u00ba)<\/li>\n<\/ul>\n<p><span style=\"text-decoration: underline;\">DOMINGO<\/span>:<\/p>\n<ul>\n<li>1.10m: Mar\u00eda Le\u00f3n Gonz\u00e1lez &#8211; Black Beauty (2\u00ba)<\/li>\n<li>1.30m: Jaime Su\u00e1rez P\u00e9rez &#8211; Extra de Ruyco (3\u00ba)<\/li>\n<li>1.30m: Mario Garc\u00eda G\u00f3mez-Otero &#8211; Zabaleta (4\u00ba)<\/li>\n<\/ul>\n<\/div>\n","protected":false},"excerpt":{"rendered":"<p>Jinetes y amazonas de Cantabria lograron este pasado fin de semana muy buenos resultados<\/p>\n","protected":false},"author":1,"featured_media":728,"comment_status":"closed","ping_status":"closed","sticky":false,"template":"","format":"standard","meta":{"kt_blocks_editor_width":"","_jetpack_memberships_contains_paid_content":false,"footnotes":"","jetpack_publicize_message":"","jetpack_publicize_feature_enabled":true,"jetpack_social_post_already_shared":false,"jetpack_social_options":{"image_generator_settings":{"template":"highway","default_image_id":0,"font":"","enabled":false},"version":2}},"categories":[6],"tags":[],"class_list":["post-1190","post","type-post","status-publish","format-standard","has-post-thumbnail","hentry","category-noticias"],"jetpack_publicize_connections":[],"jetpack_featured_media_url":"https:\/\/i0.wp.com\/federacioncantabradehipica.com\/web\/wp-content\/uploads\/2013\/05\/federacion-cantabra-hipica.png?fit=405%2C288&ssl=1","jetpack_sharing_enabled":true,"jetpack_shortlink":"https:\/\/wp.me\/p3jrBv-jc","jetpack_likes_enabled":false,"_links":{"self":[{"href":"https:\/\/federacioncantabradehipica.com\/web\/index.php?rest_route=\/wp\/v2\/posts\/1190","targetHints":{"allow":["GET"]}}],"collection":[{"href":"https:\/\/federacioncantabradehipica.com\/web\/index.php?rest_route=\/wp\/v2\/posts"}],"about":[{"href":"https:\/\/federacioncantabradehipica.com\/web\/index.php?rest_route=\/wp\/v2\/types\/post"}],"author":[{"embeddable":true,"href":"https:\/\/federacioncantabradehipica.com\/web\/index.php?rest_route=\/wp\/v2\/users\/1"}],"replies":[{"embeddable":true,"href":"https:\/\/federacioncantabradehipica.com\/web\/index.php?rest_route=%2Fwp%2Fv2%2Fcomments&post=1190"}],"version-history":[{"count":5,"href":"https:\/\/federacioncantabradehipica.com\/web\/index.php?rest_route=\/wp\/v2\/posts\/1190\/revisions"}],"predecessor-version":[{"id":1195,"href":"https:\/\/federacioncantabradehipica.com\/web\/index.php?rest_route=\/wp\/v2\/posts\/1190\/revisions\/1195"}],"wp:featuredmedia":[{"embeddable":true,"href":"https:\/\/federacioncantabradehipica.com\/web\/index.php?rest_route=\/wp\/v2\/media\/728"}],"wp:attachment":[{"href":"https:\/\/federacioncantabradehipica.com\/web\/index.php?rest_route=%2Fwp%2Fv2%2Fmedia&parent=1190"}],"wp:term":[{"taxonomy":"category","embeddable":true,"href":"https:\/\/federacioncantabradehipica.com\/web\/index.php?rest_route=%2Fwp%2Fv2%2Fcategories&post=1190"},{"taxonomy":"post_tag","embeddable":true,"href":"https:\/\/federacioncantabradehipica.com\/web\/index.php?rest_route=%2Fwp%2Fv2%2Ftags&post=1190"}],"curies":[{"name":"wp","href":"https:\/\/api.w.org\/{rel}","templated":true}]}}