{"id":1196,"date":"2013-08-06T12:16:57","date_gmt":"2013-08-06T10:16:57","guid":{"rendered":"http:\/\/federacioncantabradehipica.com\/web\/?p=1196"},"modified":"2013-08-11T22:17:45","modified_gmt":"2013-08-11T20:17:45","slug":"el-ch-laredo-se-prepara-para-acoger-un-nuevo-csn2-e","status":"publish","type":"post","link":"https:\/\/federacioncantabradehipica.com\/web\/?p=1196","title":{"rendered":"El CH Laredo se prepara para acoger un nuevo CSN2-E"},"content":{"rendered":"<p style=\"text-align: justify;\">A partir de este viernes d\u00eda 9 de agosto, el <strong>Centro H\u00edpico Laredo,<\/strong> se prepara para acoger \u00a0un nuevo <strong>Concurso de Saltos Nacional 2*<\/strong>. A partir de las 10h comenzar\u00e1 la prueba de promoci\u00f3n 0.50 metros y posteriormente 0.90. Despu\u00e9s, turno para las pruebas oficiales con 1.10 metros, 1.20 metros y cerrar\u00e1 la primera jornada la prueba grande de altura m\u00e1xima 1.30 metros. El <strong>s\u00e1bado<\/strong>, el gui\u00f3n ser\u00e1 el mismo que el viernes, pero se celebrar\u00e1 el <strong>Peque\u00f1o Gran Premio<\/strong> de altura m\u00e1xima 1.25 metros, y el domingo finalizar\u00e1 la competici\u00f3n con el <strong>Gran Premio Ayuntamiento de Laredo.\u00a0<\/strong><\/p>\n<p><img data-recalc-dims=\"1\" loading=\"lazy\" decoding=\"async\" data-attachment-id=\"1197\" data-permalink=\"https:\/\/federacioncantabradehipica.com\/web\/?attachment_id=1197\" data-orig-file=\"https:\/\/i0.wp.com\/federacioncantabradehipica.com\/web\/wp-content\/uploads\/2013\/08\/csnlaredo-agosto.png?fit=470%2C667&amp;ssl=1\" data-orig-size=\"470,667\" data-comments-opened=\"0\" data-image-meta=\"{&quot;aperture&quot;:&quot;0&quot;,&quot;credit&quot;:&quot;&quot;,&quot;camera&quot;:&quot;&quot;,&quot;caption&quot;:&quot;&quot;,&quot;created_timestamp&quot;:&quot;0&quot;,&quot;copyright&quot;:&quot;&quot;,&quot;focal_length&quot;:&quot;0&quot;,&quot;iso&quot;:&quot;0&quot;,&quot;shutter_speed&quot;:&quot;0&quot;,&quot;title&quot;:&quot;&quot;}\" data-image-title=\"csnlaredo-agosto\" data-image-description=\"\" data-image-caption=\"\" data-large-file=\"https:\/\/i0.wp.com\/federacioncantabradehipica.com\/web\/wp-content\/uploads\/2013\/08\/csnlaredo-agosto.png?fit=470%2C667&amp;ssl=1\" class=\"size-medium wp-image-1197 alignright\" alt=\"csnlaredo-agosto\" src=\"https:\/\/i0.wp.com\/federacioncantabradehipica.com\/web\/wp-content\/uploads\/2013\/08\/csnlaredo-agosto-211x300.png?resize=211%2C300\" width=\"211\" height=\"300\" srcset=\"https:\/\/i0.wp.com\/federacioncantabradehipica.com\/web\/wp-content\/uploads\/2013\/08\/csnlaredo-agosto.png?resize=211%2C300&amp;ssl=1 211w, https:\/\/i0.wp.com\/federacioncantabradehipica.com\/web\/wp-content\/uploads\/2013\/08\/csnlaredo-agosto.png?resize=105%2C150&amp;ssl=1 105w, https:\/\/i0.wp.com\/federacioncantabradehipica.com\/web\/wp-content\/uploads\/2013\/08\/csnlaredo-agosto.png?resize=123%2C175&amp;ssl=1 123w, https:\/\/i0.wp.com\/federacioncantabradehipica.com\/web\/wp-content\/uploads\/2013\/08\/csnlaredo-agosto.png?w=470&amp;ssl=1 470w\" sizes=\"auto, (max-width: 211px) 100vw, 211px\" \/><\/p>\n<p style=\"text-align: justify;\">El concurso con dos centenares de participantes llegados de diferentes puntos de la geograf\u00eda espa\u00f1ola (Madrid, Valencia, Pa\u00eds Vasco, Asturias, Castilla y Le\u00f3n, Navarra, Catalu\u00f1a..), destacando la amplia presencia de jinetes c\u00e1ntabros, entre ellos,\u00a0<strong>Borja Villal\u00f3n Puras<\/strong>\u00a0que viene de lograr buenos resultados en el Concurso Internacional de Blaye (Francia), \u00a0<strong>Jaime Su\u00e1rez P\u00e9rez<\/strong> que llega de haber ganado el primer d\u00eda en la prueba grande y terminar tercero en el Gran Premio del CSN 2* de Villarcayo. <strong>Sa\u00fal Guti\u00e9rrez Ot\u00ed <\/strong>que logr\u00f3 el pasado fin de semana muy buenos resultados en el Nacional de Luanco,\u00a0<strong>Tob\u00edas Hanke<\/strong>, jinete y criador Alem\u00e1n afincado en Cantabria que competir\u00e1 con productos de su ganader\u00eda de raza Holstein, y el jinete anfitri\u00f3n del Centro H\u00edpico Laredo,\u00a0<strong>Javier Cu\u00f1arro<\/strong>, que ha logrado buenos resultados en los \u00faltimos concursos celebrados en Cantabria. Uno de los jinetes favoritos para competir por el Gran Premio ser\u00e1 Kevin Gonz\u00e1lez de Z\u00e1rate, con actuaciones destacadas en el CSN2* de Santander y la semana pasada en Mungia.<\/p>\n<p style=\"text-align: justify;\">Durante el concurso se instalar\u00e1 una galer\u00eda comercial al aire libre y otra cubierta, con diferentes tiendas, entre ellas, la de la Federaci\u00f3n C\u00e1ntabra de H\u00edpica. Durante todo el fin de semana tambi\u00e9n habr\u00e1 zona VIP, zona infantil, servicio de restaurante. En la noche de viernes se realizar\u00e1 una &#8216;fiesta campera de bienvenida&#8217; y el s\u00e1bado habr\u00e1 un show a cargo del humorista c\u00e1ntabro Gelo Fuentes, adem\u00e1s, entre los cambios de pruebas se realizar\u00e1 una exhibici\u00f3n\u00a0de perros, cortes\u00eda de la asociaci\u00f3n canina \u00a0Agility Laredo.<\/p>\n","protected":false},"excerpt":{"rendered":"<p>A partir de este viernes d\u00eda 9 de agosto, el Centro H\u00edpico Laredo, se prepara para acoger \u00a0un nuevo Concurso de Saltos Nacional 2*. A partir de las 10h comenzar\u00e1 la prueba de promoci\u00f3n 0.50 metros y posteriormente 0.90. Despu\u00e9s, &hellip; <a href=\"https:\/\/federacioncantabradehipica.com\/web\/?p=1196\">Continuar<\/a><\/p>\n","protected":false},"author":1,"featured_media":1197,"comment_status":"closed","ping_status":"closed","sticky":false,"template":"","format":"standard","meta":{"kt_blocks_editor_width":"","_jetpack_memberships_contains_paid_content":false,"footnotes":"","jetpack_publicize_message":"","jetpack_publicize_feature_enabled":true,"jetpack_social_post_already_shared":false,"jetpack_social_options":{"image_generator_settings":{"template":"highway","default_image_id":0,"font":"","enabled":false},"version":2}},"categories":[6],"tags":[],"class_list":["post-1196","post","type-post","status-publish","format-standard","has-post-thumbnail","hentry","category-noticias"],"jetpack_publicize_connections":[],"jetpack_featured_media_url":"https:\/\/i0.wp.com\/federacioncantabradehipica.com\/web\/wp-content\/uploads\/2013\/08\/csnlaredo-agosto.png?fit=470%2C667&ssl=1","jetpack_sharing_enabled":true,"jetpack_shortlink":"https:\/\/wp.me\/p3jrBv-ji","jetpack_likes_enabled":false,"_links":{"self":[{"href":"https:\/\/federacioncantabradehipica.com\/web\/index.php?rest_route=\/wp\/v2\/posts\/1196","targetHints":{"allow":["GET"]}}],"collection":[{"href":"https:\/\/federacioncantabradehipica.com\/web\/index.php?rest_route=\/wp\/v2\/posts"}],"about":[{"href":"https:\/\/federacioncantabradehipica.com\/web\/index.php?rest_route=\/wp\/v2\/types\/post"}],"author":[{"embeddable":true,"href":"https:\/\/federacioncantabradehipica.com\/web\/index.php?rest_route=\/wp\/v2\/users\/1"}],"replies":[{"embeddable":true,"href":"https:\/\/federacioncantabradehipica.com\/web\/index.php?rest_route=%2Fwp%2Fv2%2Fcomments&post=1196"}],"version-history":[{"count":4,"href":"https:\/\/federacioncantabradehipica.com\/web\/index.php?rest_route=\/wp\/v2\/posts\/1196\/revisions"}],"predecessor-version":[{"id":1249,"href":"https:\/\/federacioncantabradehipica.com\/web\/index.php?rest_route=\/wp\/v2\/posts\/1196\/revisions\/1249"}],"wp:featuredmedia":[{"embeddable":true,"href":"https:\/\/federacioncantabradehipica.com\/web\/index.php?rest_route=\/wp\/v2\/media\/1197"}],"wp:attachment":[{"href":"https:\/\/federacioncantabradehipica.com\/web\/index.php?rest_route=%2Fwp%2Fv2%2Fmedia&parent=1196"}],"wp:term":[{"taxonomy":"category","embeddable":true,"href":"https:\/\/federacioncantabradehipica.com\/web\/index.php?rest_route=%2Fwp%2Fv2%2Fcategories&post=1196"},{"taxonomy":"post_tag","embeddable":true,"href":"https:\/\/federacioncantabradehipica.com\/web\/index.php?rest_route=%2Fwp%2Fv2%2Ftags&post=1196"}],"curies":[{"name":"wp","href":"https:\/\/api.w.org\/{rel}","templated":true}]}}