{"id":12051,"date":"2025-05-10T20:33:59","date_gmt":"2025-05-10T18:33:59","guid":{"rendered":"https:\/\/federacioncantabradehipica.com\/web\/?p=12051"},"modified":"2025-05-10T20:33:59","modified_gmt":"2025-05-10T18:33:59","slug":"la-yeguada-el-pomar-se-prepara-para-acoger-la-x-copa-presidente-de-cantabria","status":"publish","type":"post","link":"https:\/\/federacioncantabradehipica.com\/web\/?p=12051","title":{"rendered":"La Yeguada El Pomar se prepara para acoger la X Copa Presidente de Cantabria"},"content":{"rendered":"<p>La Federaci\u00f3n C\u00e1ntabra de H\u00edpica anuncia la publicaci\u00f3n del avance de programa del CSN X Copa Presidente de Cantabria**, uno de los concursos m\u00e1s destacados del calendario de salto de obst\u00e1culos en la regi\u00f3n, que cumple su X edici\u00f3n<!--more-->El evento se celebrar\u00e1 los d\u00edas 23, 24 y 25 de mayo de 2025 en las magn\u00edficas instalaciones de la Yeguada El Pomar, ubicada en Obreg\u00f3n (Cantabria). Se espera una participaci\u00f3n destacada de jinetes y amazonas tanto locales como de otras comunidades, en un entorno privilegiado para la competici\u00f3n.<\/p>\n<p>El plazo de inscripci\u00f3n finaliza el <strong>14 de mayo de 2025<\/strong>, por lo que se recomienda a los interesados formalizar su participaci\u00f3n con antelaci\u00f3n.<\/p>\n<p>\ud83d\udc49 Consulta el avance del programa y toda la informaci\u00f3n detallada en el siguiente <a href=\"https:\/\/federacioncantabradehipica.com\/web\/?tribe_events=csn-copa-presidente-yeguada-el-pomar\">enlace<\/a>.<\/p>\n","protected":false},"excerpt":{"rendered":"<p>La Federaci\u00f3n C\u00e1ntabra de H\u00edpica anuncia la publicaci\u00f3n del avance de programa del CSN X Copa Presidente de Cantabria**, uno de los concursos m\u00e1s destacados del calendario de salto de obst\u00e1culos en la regi\u00f3n, que cumple su X edici\u00f3n<\/p>\n","protected":false},"author":1,"featured_media":12046,"comment_status":"closed","ping_status":"closed","sticky":false,"template":"","format":"standard","meta":{"kt_blocks_editor_width":"","_jetpack_memberships_contains_paid_content":false,"footnotes":"","jetpack_publicize_message":"\ud83d\udc34 La Yeguada El Pomar se prepara para acoger la X Copa Presidente de Cantabria","jetpack_publicize_feature_enabled":true,"jetpack_social_post_already_shared":true,"jetpack_social_options":{"image_generator_settings":{"template":"highway","default_image_id":0,"font":"","enabled":false},"version":2}},"categories":[6],"tags":[],"class_list":["post-12051","post","type-post","status-publish","format-standard","has-post-thumbnail","hentry","category-noticias"],"jetpack_publicize_connections":[],"jetpack_featured_media_url":"https:\/\/i0.wp.com\/federacioncantabradehipica.com\/web\/wp-content\/uploads\/2025\/02\/IMG-20250506-WA0014.jpg?fit=1130%2C1600&ssl=1","jetpack_sharing_enabled":true,"jetpack_shortlink":"https:\/\/wp.me\/p3jrBv-38n","jetpack_likes_enabled":false,"_links":{"self":[{"href":"https:\/\/federacioncantabradehipica.com\/web\/index.php?rest_route=\/wp\/v2\/posts\/12051","targetHints":{"allow":["GET"]}}],"collection":[{"href":"https:\/\/federacioncantabradehipica.com\/web\/index.php?rest_route=\/wp\/v2\/posts"}],"about":[{"href":"https:\/\/federacioncantabradehipica.com\/web\/index.php?rest_route=\/wp\/v2\/types\/post"}],"author":[{"embeddable":true,"href":"https:\/\/federacioncantabradehipica.com\/web\/index.php?rest_route=\/wp\/v2\/users\/1"}],"replies":[{"embeddable":true,"href":"https:\/\/federacioncantabradehipica.com\/web\/index.php?rest_route=%2Fwp%2Fv2%2Fcomments&post=12051"}],"version-history":[{"count":1,"href":"https:\/\/federacioncantabradehipica.com\/web\/index.php?rest_route=\/wp\/v2\/posts\/12051\/revisions"}],"predecessor-version":[{"id":12052,"href":"https:\/\/federacioncantabradehipica.com\/web\/index.php?rest_route=\/wp\/v2\/posts\/12051\/revisions\/12052"}],"wp:featuredmedia":[{"embeddable":true,"href":"https:\/\/federacioncantabradehipica.com\/web\/index.php?rest_route=\/wp\/v2\/media\/12046"}],"wp:attachment":[{"href":"https:\/\/federacioncantabradehipica.com\/web\/index.php?rest_route=%2Fwp%2Fv2%2Fmedia&parent=12051"}],"wp:term":[{"taxonomy":"category","embeddable":true,"href":"https:\/\/federacioncantabradehipica.com\/web\/index.php?rest_route=%2Fwp%2Fv2%2Fcategories&post=12051"},{"taxonomy":"post_tag","embeddable":true,"href":"https:\/\/federacioncantabradehipica.com\/web\/index.php?rest_route=%2Fwp%2Fv2%2Ftags&post=12051"}],"curies":[{"name":"wp","href":"https:\/\/api.w.org\/{rel}","templated":true}]}}