{"id":1214,"date":"2013-08-09T23:28:18","date_gmt":"2013-08-09T21:28:18","guid":{"rendered":"http:\/\/federacioncantabradehipica.com\/web\/?p=1214"},"modified":"2013-08-10T09:20:42","modified_gmt":"2013-08-10T07:20:42","slug":"kevin-gonzalez-de-zarate-protagonista-en-la-primera-jornada-del-csn-laredo","status":"publish","type":"post","link":"https:\/\/federacioncantabradehipica.com\/web\/?p=1214","title":{"rendered":"Kevin Gonz\u00e1lez de Z\u00e1rate, protagonista en la primera jornada del CSN* Laredo."},"content":{"rendered":"<p style=\"text-align: center;\">El jinete vasco domin\u00f3 la prueba grande del d\u00eda finalizando primero y segundo, en la que el c\u00e1ntabro Borja Villal\u00f3n termin\u00f3 tercero.<!--more--><\/p>\n<p style=\"text-align: justify;\">Arranc\u00f3 una nueva edici\u00f3n del Concurso de Saltos Nacional &#8216;Villa de Laredo&#8217;, con\u00a0<strong>Kevin Gonz\u00e1lez de Z\u00e1rate<\/strong> de protagonista, al igual que en su \u00faltima participaci\u00f3n por tierras c\u00e1ntabras en el CSN Santander, domin\u00f3 la prueba grande de la jornada, finalizando primero con &#8216;Robina Z&#8217; y segundo con &#8216;Quite Easy III&#8217;. La tercera plaza la ocup\u00f3 el jinete c\u00e1ntabro <strong>Borja Villal\u00f3n Puras<\/strong> con &#8216;Petrus Du Chateau&#8217;. Un total de 42 participantes tomaron salida en la prueba patrocinada por &#8216;Carlomar&#8217;.<\/p>\n<p><img data-recalc-dims=\"1\" loading=\"lazy\" decoding=\"async\" data-attachment-id=\"1197\" data-permalink=\"https:\/\/federacioncantabradehipica.com\/web\/?attachment_id=1197\" data-orig-file=\"https:\/\/i0.wp.com\/federacioncantabradehipica.com\/web\/wp-content\/uploads\/2013\/08\/csnlaredo-agosto.png?fit=470%2C667&amp;ssl=1\" data-orig-size=\"470,667\" data-comments-opened=\"0\" data-image-meta=\"{&quot;aperture&quot;:&quot;0&quot;,&quot;credit&quot;:&quot;&quot;,&quot;camera&quot;:&quot;&quot;,&quot;caption&quot;:&quot;&quot;,&quot;created_timestamp&quot;:&quot;0&quot;,&quot;copyright&quot;:&quot;&quot;,&quot;focal_length&quot;:&quot;0&quot;,&quot;iso&quot;:&quot;0&quot;,&quot;shutter_speed&quot;:&quot;0&quot;,&quot;title&quot;:&quot;&quot;}\" data-image-title=\"csnlaredo-agosto\" data-image-description=\"\" data-image-caption=\"\" data-large-file=\"https:\/\/i0.wp.com\/federacioncantabradehipica.com\/web\/wp-content\/uploads\/2013\/08\/csnlaredo-agosto.png?fit=470%2C667&amp;ssl=1\" class=\"size-medium wp-image-1197 alignleft\" alt=\"csnlaredo-agosto\" src=\"https:\/\/i0.wp.com\/federacioncantabradehipica.com\/web\/wp-content\/uploads\/2013\/08\/csnlaredo-agosto-211x300.png?resize=211%2C300\" width=\"211\" height=\"300\" srcset=\"https:\/\/i0.wp.com\/federacioncantabradehipica.com\/web\/wp-content\/uploads\/2013\/08\/csnlaredo-agosto.png?resize=211%2C300&amp;ssl=1 211w, https:\/\/i0.wp.com\/federacioncantabradehipica.com\/web\/wp-content\/uploads\/2013\/08\/csnlaredo-agosto.png?resize=105%2C150&amp;ssl=1 105w, https:\/\/i0.wp.com\/federacioncantabradehipica.com\/web\/wp-content\/uploads\/2013\/08\/csnlaredo-agosto.png?resize=123%2C175&amp;ssl=1 123w, https:\/\/i0.wp.com\/federacioncantabradehipica.com\/web\/wp-content\/uploads\/2013\/08\/csnlaredo-agosto.png?w=470&amp;ssl=1 470w\" sizes=\"auto, (max-width: 211px) 100vw, 211px\" \/><\/p>\n<p style=\"text-align: justify;\">En el &#8216;<strong>Trofeo El Trebol<\/strong>&#8216; de altura m\u00e1xima 1.20 metros, la amazona <strong>Rebeca Marcos Garc\u00eda<\/strong> con &#8216;Aralar&#8217; registr\u00f3 el mejor tiempo de la prueba, por delante de <strong>Sa\u00fal Guti\u00e9rrez Ot\u00ed<\/strong> con &#8216;Dime de Goz\u00f3n&#8217;. Tercero finaliz\u00f3 <strong>Xabier Cabetas Mart\u00edn<\/strong> con &#8216;Venecia&#8217; que &#8216;quit\u00f3&#8217; la plaza a la c\u00e1ntabra Ana Ceano-Vivas por 42 cent\u00e9simas&#8230; En el trofeo &#8216;<strong>Agua de Solares<\/strong>&#8216; de 1.10 metros, la victoria fue para <strong>Lucia Paul Mazo<\/strong> con &#8216;Edda del Pomar&#8217;. Ma\u00f1ana s\u00e1bado se disputar\u00e1 el &#8216;<strong>Peque\u00f1o Gran Premio<\/strong>&#8216; patrocinada por Piensos Pavo bajo el b\u00e1remo A con cron\u00f3metro y desempate.<\/p>\n<ul>\n<li><strong><a href=\"http:\/\/federacioncantabradehipica.com\/web\/wp-content\/uploads\/2013\/03\/CSN-Laredo-10-08-13-ORDEN-SALIDA.pdf\"><span style=\"line-height: 13px;\">Orden de salida del S\u00c1BADO<\/span><\/a><\/strong><\/li>\n<li><strong><a href=\"http:\/\/federacioncantabradehipica.com\/web\/wp-content\/uploads\/2013\/03\/CSN-Laredo-09-08-13-Resultados.pdf\">Resultados del VIERNES<\/a><\/strong><\/li>\n<\/ul>\n<p style=\"text-align: right;\"><em>Pablo Lanza \/ F.C.H<\/em><br \/>\n<em>prensafederacionhipica@gmail.com<\/em><\/p>\n<p style=\"text-align: justify;\"><!--more--><\/p>\n","protected":false},"excerpt":{"rendered":"<p>El jinete vasco domin\u00f3 la prueba grande del d\u00eda finalizando primero y segundo, en la que el c\u00e1ntabro Borja Villal\u00f3n termin\u00f3 tercero.<\/p>\n","protected":false},"author":1,"featured_media":1219,"comment_status":"closed","ping_status":"closed","sticky":false,"template":"","format":"standard","meta":{"kt_blocks_editor_width":"","_jetpack_memberships_contains_paid_content":false,"footnotes":"","jetpack_publicize_message":"","jetpack_publicize_feature_enabled":true,"jetpack_social_post_already_shared":false,"jetpack_social_options":{"image_generator_settings":{"template":"highway","default_image_id":0,"font":"","enabled":false},"version":2}},"categories":[6],"tags":[],"class_list":["post-1214","post","type-post","status-publish","format-standard","has-post-thumbnail","hentry","category-noticias"],"jetpack_publicize_connections":[],"jetpack_featured_media_url":"https:\/\/i0.wp.com\/federacioncantabradehipica.com\/web\/wp-content\/uploads\/2013\/08\/2013-08-010.jpg?fit=1600%2C1067&ssl=1","jetpack_sharing_enabled":true,"jetpack_shortlink":"https:\/\/wp.me\/p3jrBv-jA","jetpack_likes_enabled":false,"_links":{"self":[{"href":"https:\/\/federacioncantabradehipica.com\/web\/index.php?rest_route=\/wp\/v2\/posts\/1214","targetHints":{"allow":["GET"]}}],"collection":[{"href":"https:\/\/federacioncantabradehipica.com\/web\/index.php?rest_route=\/wp\/v2\/posts"}],"about":[{"href":"https:\/\/federacioncantabradehipica.com\/web\/index.php?rest_route=\/wp\/v2\/types\/post"}],"author":[{"embeddable":true,"href":"https:\/\/federacioncantabradehipica.com\/web\/index.php?rest_route=\/wp\/v2\/users\/1"}],"replies":[{"embeddable":true,"href":"https:\/\/federacioncantabradehipica.com\/web\/index.php?rest_route=%2Fwp%2Fv2%2Fcomments&post=1214"}],"version-history":[{"count":5,"href":"https:\/\/federacioncantabradehipica.com\/web\/index.php?rest_route=\/wp\/v2\/posts\/1214\/revisions"}],"predecessor-version":[{"id":1218,"href":"https:\/\/federacioncantabradehipica.com\/web\/index.php?rest_route=\/wp\/v2\/posts\/1214\/revisions\/1218"}],"wp:featuredmedia":[{"embeddable":true,"href":"https:\/\/federacioncantabradehipica.com\/web\/index.php?rest_route=\/wp\/v2\/media\/1219"}],"wp:attachment":[{"href":"https:\/\/federacioncantabradehipica.com\/web\/index.php?rest_route=%2Fwp%2Fv2%2Fmedia&parent=1214"}],"wp:term":[{"taxonomy":"category","embeddable":true,"href":"https:\/\/federacioncantabradehipica.com\/web\/index.php?rest_route=%2Fwp%2Fv2%2Fcategories&post=1214"},{"taxonomy":"post_tag","embeddable":true,"href":"https:\/\/federacioncantabradehipica.com\/web\/index.php?rest_route=%2Fwp%2Fv2%2Ftags&post=1214"}],"curies":[{"name":"wp","href":"https:\/\/api.w.org\/{rel}","templated":true}]}}