{"id":12154,"date":"2025-06-28T20:33:36","date_gmt":"2025-06-28T18:33:36","guid":{"rendered":"https:\/\/federacioncantabradehipica.com\/web\/?p=12154"},"modified":"2025-06-28T20:33:36","modified_gmt":"2025-06-28T18:33:36","slug":"ivan-serrano-seleccionado-para-representar-a-espana-en-el-campeonato-de-europa","status":"publish","type":"post","link":"https:\/\/federacioncantabradehipica.com\/web\/?p=12154","title":{"rendered":"Iv\u00e1n Serrano, seleccionado para representar a Espa\u00f1a en el Campeonato de Europa"},"content":{"rendered":"<p>La Real Federaci\u00f3n H\u00edpica Espa\u00f1ola (RFHE) ha anunciado los jinetes que representar\u00e1n a Espa\u00f1a en el Campeonato de Europa, que se celebrar\u00e1 del 16 al 20 de julio en Casas Novas (A Coru\u00f1a), y entre ellos est\u00e1 nuestro federado Iv\u00e1n Serrano S\u00e1ez, montando a Rain Man. \u00a1Enhorabuena Iv\u00e1n! \ud83d\udc4f\ud83d\udc4f<!--more--><\/p>\n<p>Un reconocimiento al trabajo y esfuerzo de uno de los nuestros, que llevar\u00e1 el nombre de la Federaci\u00f3n C\u00e1ntabra a lo m\u00e1s alto en esta importante cita internacional. \u00a1Mucho \u00e9xito a Iv\u00e1n y al equipo espa\u00f1ol! \ud83d\udcaa\ud83c\uddea\ud83c\uddf8<\/p>\n<p>Adem\u00e1s, en el CSI 3* participar\u00e1 tambi\u00e9n el jinete afincado en Cantabria y director t\u00e9cnico de Heras Horses &amp; Events, \u00c1lvaro Gonz\u00e1lez de Z\u00e1rate.<\/p>\n","protected":false},"excerpt":{"rendered":"<p>La Real Federaci\u00f3n H\u00edpica Espa\u00f1ola (RFHE) ha anunciado los jinetes que representar\u00e1n a Espa\u00f1a en el Campeonato de Europa, que se celebrar\u00e1 del 16 al 20 de julio en Casas Novas (A Coru\u00f1a), y entre ellos est\u00e1 nuestro federado Iv\u00e1n &hellip; <a href=\"https:\/\/federacioncantabradehipica.com\/web\/?p=12154\">Continuar<\/a><\/p>\n","protected":false},"author":1,"featured_media":12155,"comment_status":"closed","ping_status":"closed","sticky":false,"template":"","format":"standard","meta":{"kt_blocks_editor_width":"","_jetpack_memberships_contains_paid_content":false,"footnotes":"","jetpack_publicize_message":"\ud83c\uddea\ud83c\uddf8 Iv\u00e1n Serrano, seleccionado para representar a Espa\u00f1a en el Campeonato de Europa","jetpack_publicize_feature_enabled":true,"jetpack_social_post_already_shared":true,"jetpack_social_options":{"image_generator_settings":{"template":"highway","default_image_id":0,"font":"","enabled":false},"version":2}},"categories":[6],"tags":[],"class_list":["post-12154","post","type-post","status-publish","format-standard","has-post-thumbnail","hentry","category-noticias"],"jetpack_publicize_connections":[],"jetpack_featured_media_url":"https:\/\/i0.wp.com\/federacioncantabradehipica.com\/web\/wp-content\/uploads\/2025\/06\/Equipo-Espanol-Cto-Europa-Saltos-2025.jpeg?fit=1600%2C1600&ssl=1","jetpack_sharing_enabled":true,"jetpack_shortlink":"https:\/\/wp.me\/p3jrBv-3a2","jetpack_likes_enabled":false,"_links":{"self":[{"href":"https:\/\/federacioncantabradehipica.com\/web\/index.php?rest_route=\/wp\/v2\/posts\/12154","targetHints":{"allow":["GET"]}}],"collection":[{"href":"https:\/\/federacioncantabradehipica.com\/web\/index.php?rest_route=\/wp\/v2\/posts"}],"about":[{"href":"https:\/\/federacioncantabradehipica.com\/web\/index.php?rest_route=\/wp\/v2\/types\/post"}],"author":[{"embeddable":true,"href":"https:\/\/federacioncantabradehipica.com\/web\/index.php?rest_route=\/wp\/v2\/users\/1"}],"replies":[{"embeddable":true,"href":"https:\/\/federacioncantabradehipica.com\/web\/index.php?rest_route=%2Fwp%2Fv2%2Fcomments&post=12154"}],"version-history":[{"count":1,"href":"https:\/\/federacioncantabradehipica.com\/web\/index.php?rest_route=\/wp\/v2\/posts\/12154\/revisions"}],"predecessor-version":[{"id":12156,"href":"https:\/\/federacioncantabradehipica.com\/web\/index.php?rest_route=\/wp\/v2\/posts\/12154\/revisions\/12156"}],"wp:featuredmedia":[{"embeddable":true,"href":"https:\/\/federacioncantabradehipica.com\/web\/index.php?rest_route=\/wp\/v2\/media\/12155"}],"wp:attachment":[{"href":"https:\/\/federacioncantabradehipica.com\/web\/index.php?rest_route=%2Fwp%2Fv2%2Fmedia&parent=12154"}],"wp:term":[{"taxonomy":"category","embeddable":true,"href":"https:\/\/federacioncantabradehipica.com\/web\/index.php?rest_route=%2Fwp%2Fv2%2Fcategories&post=12154"},{"taxonomy":"post_tag","embeddable":true,"href":"https:\/\/federacioncantabradehipica.com\/web\/index.php?rest_route=%2Fwp%2Fv2%2Ftags&post=12154"}],"curies":[{"name":"wp","href":"https:\/\/api.w.org\/{rel}","templated":true}]}}