{"id":12226,"date":"2025-07-28T10:16:56","date_gmt":"2025-07-28T08:16:56","guid":{"rendered":"https:\/\/federacioncantabradehipica.com\/web\/?p=12226"},"modified":"2025-07-28T10:18:23","modified_gmt":"2025-07-28T08:18:23","slug":"cuatro-federados-cantabros-seleccionados-para-el-campeonato-de-europa-de-trec-2025","status":"publish","type":"post","link":"https:\/\/federacioncantabradehipica.com\/web\/?p=12226","title":{"rendered":"Cuatro federados c\u00e1ntabros, seleccionados para el Campeonato de Europa de TREC 2025"},"content":{"rendered":"<p>La Direcci\u00f3n T\u00e9cnica de la disciplina de TREC de la Real Federaci\u00f3n H\u00edpica Espa\u00f1ola ha hecho p\u00fablica la lista de binomios que representar\u00e1n a Espa\u00f1a en el Campeonato de Europa de TREC, que se celebrar\u00e1 del 10 al 13 de septiembre de 2025 en Montelibretti (Italia).<!--more--><\/p>\n<p>Entre los seleccionados, destaca la presencia de cuatro federados c\u00e1ntabros del Centro Ecuestre Los Caballucos, que formar\u00e1n parte del Equipo Nacional en las categor\u00edas Juvenil y Joven Jinete. Una muestra del excelente nivel de nuestros jinetes y amazonas en esta disciplina de equitaci\u00f3n de resistencia, orientaci\u00f3n y t\u00e9cnica.<\/p>\n<ul>\n<li><strong>Selecci\u00f3n Espa\u00f1ola &#8211; Categor\u00eda Juveniles<\/strong>\n<ul>\n<li>Paula Castillo San Emeterio, con Mau Fogoso<\/li>\n<li>Dar\u00edo Pila Vaquero, con Denis<\/li>\n<\/ul>\n<\/li>\n<li><strong>Selecci\u00f3n Espa\u00f1ola &#8211; Joven Jinete<\/strong>\n<ul>\n<li>Alba Matanza Aja, con Estrella<\/li>\n<li>Lara Matanza Aja, con \u00cdcaro<\/li>\n<\/ul>\n<\/li>\n<\/ul>\n<p>Desde la Federaci\u00f3n C\u00e1ntabra de H\u00edpica queremos felicitar a nuestros representantes por esta merecida convocatoria, fruto del esfuerzo, dedicaci\u00f3n y compromiso con el TREC. Tambi\u00e9n hacemos extensiva nuestra enhorabuena a sus familias, al Centro Ecuestre Los Caballucos por liderar en nuestra regi\u00f3n esta disciplina, y a su entrenadora Isabel Exp\u00f3sito por su labor y acompa\u00f1amiento continuo. Les deseamos mucha suerte y \u00e9xito en esta importante cita continental.<\/p>\n","protected":false},"excerpt":{"rendered":"<p>La Direcci\u00f3n T\u00e9cnica de la disciplina de TREC de la Real Federaci\u00f3n H\u00edpica Espa\u00f1ola ha hecho p\u00fablica la lista de binomios que representar\u00e1n a Espa\u00f1a en el Campeonato de Europa de TREC, que se celebrar\u00e1 del 10 al 13 de &hellip; <a href=\"https:\/\/federacioncantabradehipica.com\/web\/?p=12226\">Continuar<\/a><\/p>\n","protected":false},"author":1,"featured_media":12230,"comment_status":"closed","ping_status":"closed","sticky":false,"template":"","format":"standard","meta":{"kt_blocks_editor_width":"","_jetpack_memberships_contains_paid_content":false,"footnotes":"","jetpack_publicize_message":"Cuatro federados c\u00e1ntabros, seleccionados para el Campeonato de Europa de TREC 2025","jetpack_publicize_feature_enabled":true,"jetpack_social_post_already_shared":true,"jetpack_social_options":{"image_generator_settings":{"template":"highway","default_image_id":0,"font":"","enabled":false},"version":2}},"categories":[6],"tags":[],"class_list":["post-12226","post","type-post","status-publish","format-standard","has-post-thumbnail","hentry","category-noticias"],"jetpack_publicize_connections":[],"jetpack_featured_media_url":"https:\/\/i0.wp.com\/federacioncantabradehipica.com\/web\/wp-content\/uploads\/2025\/07\/trec-espana-1.png?fit=2254%2C746&ssl=1","jetpack_sharing_enabled":true,"jetpack_shortlink":"https:\/\/wp.me\/p3jrBv-3bc","jetpack_likes_enabled":false,"_links":{"self":[{"href":"https:\/\/federacioncantabradehipica.com\/web\/index.php?rest_route=\/wp\/v2\/posts\/12226","targetHints":{"allow":["GET"]}}],"collection":[{"href":"https:\/\/federacioncantabradehipica.com\/web\/index.php?rest_route=\/wp\/v2\/posts"}],"about":[{"href":"https:\/\/federacioncantabradehipica.com\/web\/index.php?rest_route=\/wp\/v2\/types\/post"}],"author":[{"embeddable":true,"href":"https:\/\/federacioncantabradehipica.com\/web\/index.php?rest_route=\/wp\/v2\/users\/1"}],"replies":[{"embeddable":true,"href":"https:\/\/federacioncantabradehipica.com\/web\/index.php?rest_route=%2Fwp%2Fv2%2Fcomments&post=12226"}],"version-history":[{"count":2,"href":"https:\/\/federacioncantabradehipica.com\/web\/index.php?rest_route=\/wp\/v2\/posts\/12226\/revisions"}],"predecessor-version":[{"id":12228,"href":"https:\/\/federacioncantabradehipica.com\/web\/index.php?rest_route=\/wp\/v2\/posts\/12226\/revisions\/12228"}],"wp:featuredmedia":[{"embeddable":true,"href":"https:\/\/federacioncantabradehipica.com\/web\/index.php?rest_route=\/wp\/v2\/media\/12230"}],"wp:attachment":[{"href":"https:\/\/federacioncantabradehipica.com\/web\/index.php?rest_route=%2Fwp%2Fv2%2Fmedia&parent=12226"}],"wp:term":[{"taxonomy":"category","embeddable":true,"href":"https:\/\/federacioncantabradehipica.com\/web\/index.php?rest_route=%2Fwp%2Fv2%2Fcategories&post=12226"},{"taxonomy":"post_tag","embeddable":true,"href":"https:\/\/federacioncantabradehipica.com\/web\/index.php?rest_route=%2Fwp%2Fv2%2Ftags&post=12226"}],"curies":[{"name":"wp","href":"https:\/\/api.w.org\/{rel}","templated":true}]}}