{"id":12271,"date":"2025-08-15T09:49:42","date_gmt":"2025-08-15T07:49:42","guid":{"rendered":"https:\/\/federacioncantabradehipica.com\/web\/?p=12271"},"modified":"2025-08-15T09:49:42","modified_gmt":"2025-08-15T07:49:42","slug":"jara-villagra-y-dario-pila-campeones-de-cantabria-de-trec-2025","status":"publish","type":"post","link":"https:\/\/federacioncantabradehipica.com\/web\/?p=12271","title":{"rendered":"Jara Villagra y Dar\u00edo Pila, campeones de Cantabria de TREC 2025"},"content":{"rendered":"<p data-start=\"160\" data-end=\"391\">El pasado fin de semana, el Centro Ecuestre Los Caballucos (Hazas de Cesto), tambi\u00e9nn acogi\u00f3 el <strong data-start=\"327\" data-end=\"367\">Campeonato de Cantabria de TREC 2025<\/strong> en varias categor\u00edas.<!--more--><\/p>\n<p data-start=\"393\" data-end=\"642\">En la prueba <strong data-start=\"406\" data-end=\"421\">Menores 0*<\/strong>, la joven amazona <strong data-start=\"440\" data-end=\"457\">Jara Villagra<\/strong>, montando a <em data-start=\"470\" data-end=\"476\">Lisi<\/em>, se proclam\u00f3 campeona regional. La medalla de plata fue para <strong data-start=\"538\" data-end=\"555\">Nuria Cagigas<\/strong> con <em data-start=\"560\" data-end=\"568\">Zalaka<\/em>, mientras que el bronce lo consigui\u00f3 <strong data-start=\"606\" data-end=\"625\">Dalriada Alonso<\/strong> con <em data-start=\"630\" data-end=\"639\">Danubio<\/em>.<\/p>\n<p data-start=\"644\" data-end=\"880\">En la categor\u00eda de <strong data-start=\"695\" data-end=\"702\">2*<\/strong>, el t\u00edtulo fue para <strong data-start=\"723\" data-end=\"737\">Dar\u00edo Pila<\/strong> con <em data-start=\"742\" data-end=\"749\">Denis<\/em>. <strong data-start=\"751\" data-end=\"769\">Paula Castillo<\/strong>, montando a <em data-start=\"782\" data-end=\"794\">Mau Fogoso<\/em>, logr\u00f3 la segunda posici\u00f3n, y el tercer puesto fue para <strong data-start=\"851\" data-end=\"866\">Sof\u00eda Sainz<\/strong> con <em data-start=\"871\" data-end=\"877\">Luna<\/em>.<\/p>\n<p data-start=\"882\" data-end=\"1090\">La cita, enmarcada en la novena edici\u00f3n del CNTREC, reuni\u00f3 a destacados binomios de la disciplina, ofreciendo un gran espect\u00e1culo ecuestre y consolidando a Cantabria como una referencia nacional en el TREC.<\/p>\n","protected":false},"excerpt":{"rendered":"<p>El pasado fin de semana, el Centro Ecuestre Los Caballucos (Hazas de Cesto), tambi\u00e9nn acogi\u00f3 el Campeonato de Cantabria de TREC 2025 en varias categor\u00edas.<\/p>\n","protected":false},"author":1,"featured_media":12272,"comment_status":"closed","ping_status":"closed","sticky":false,"template":"","format":"standard","meta":{"kt_blocks_editor_width":"","_jetpack_memberships_contains_paid_content":false,"footnotes":"","jetpack_publicize_message":"\ud83d\udc34 Jara Villagra y Dar\u00edo Pila, campeones de Cantabria de TREC 2025","jetpack_publicize_feature_enabled":true,"jetpack_social_post_already_shared":true,"jetpack_social_options":{"image_generator_settings":{"template":"highway","default_image_id":0,"font":"","enabled":false},"version":2}},"categories":[6],"tags":[],"class_list":["post-12271","post","type-post","status-publish","format-standard","has-post-thumbnail","hentry","category-noticias"],"jetpack_publicize_connections":[],"jetpack_featured_media_url":"https:\/\/i0.wp.com\/federacioncantabradehipica.com\/web\/wp-content\/uploads\/2025\/08\/WhatsApp-Image-2025-08-14-at-08.55.43-scaled.jpeg?fit=2560%2C1707&ssl=1","jetpack_sharing_enabled":true,"jetpack_shortlink":"https:\/\/wp.me\/p3jrBv-3bV","jetpack_likes_enabled":false,"_links":{"self":[{"href":"https:\/\/federacioncantabradehipica.com\/web\/index.php?rest_route=\/wp\/v2\/posts\/12271","targetHints":{"allow":["GET"]}}],"collection":[{"href":"https:\/\/federacioncantabradehipica.com\/web\/index.php?rest_route=\/wp\/v2\/posts"}],"about":[{"href":"https:\/\/federacioncantabradehipica.com\/web\/index.php?rest_route=\/wp\/v2\/types\/post"}],"author":[{"embeddable":true,"href":"https:\/\/federacioncantabradehipica.com\/web\/index.php?rest_route=\/wp\/v2\/users\/1"}],"replies":[{"embeddable":true,"href":"https:\/\/federacioncantabradehipica.com\/web\/index.php?rest_route=%2Fwp%2Fv2%2Fcomments&post=12271"}],"version-history":[{"count":1,"href":"https:\/\/federacioncantabradehipica.com\/web\/index.php?rest_route=\/wp\/v2\/posts\/12271\/revisions"}],"predecessor-version":[{"id":12273,"href":"https:\/\/federacioncantabradehipica.com\/web\/index.php?rest_route=\/wp\/v2\/posts\/12271\/revisions\/12273"}],"wp:featuredmedia":[{"embeddable":true,"href":"https:\/\/federacioncantabradehipica.com\/web\/index.php?rest_route=\/wp\/v2\/media\/12272"}],"wp:attachment":[{"href":"https:\/\/federacioncantabradehipica.com\/web\/index.php?rest_route=%2Fwp%2Fv2%2Fmedia&parent=12271"}],"wp:term":[{"taxonomy":"category","embeddable":true,"href":"https:\/\/federacioncantabradehipica.com\/web\/index.php?rest_route=%2Fwp%2Fv2%2Fcategories&post=12271"},{"taxonomy":"post_tag","embeddable":true,"href":"https:\/\/federacioncantabradehipica.com\/web\/index.php?rest_route=%2Fwp%2Fv2%2Ftags&post=12271"}],"curies":[{"name":"wp","href":"https:\/\/api.w.org\/{rel}","templated":true}]}}