{"id":1230,"date":"2013-08-10T22:58:23","date_gmt":"2013-08-10T20:58:23","guid":{"rendered":"http:\/\/federacioncantabradehipica.com\/web\/?p=1230"},"modified":"2013-08-10T23:03:32","modified_gmt":"2013-08-10T21:03:32","slug":"borja-villalon-impide-el-triunfo-de-kevin-gonzalez-de-zarate","status":"publish","type":"post","link":"https:\/\/federacioncantabradehipica.com\/web\/?p=1230","title":{"rendered":"Borja Villal\u00f3n impide el triunfo de Kevin Gonz\u00e1lez de Z\u00e1rate"},"content":{"rendered":"<p style=\"text-align: center;\">El jinete c\u00e1ntabro consigui\u00f3 la victoria en la prueba grande del s\u00e1bado, en la que Kevin Gonz\u00e1lez de Z\u00e1rate finaliz\u00f3 segundo, tercero y cuarto.<!--more--><\/p>\n<p style=\"text-align: justify;\">Tras finalizar el viernes tercero,<strong>\u00a0Borja Villal\u00f3n Puras<\/strong>\u00a0con &#8216;<strong>Petrus Du Chateau<\/strong>&#8216;\u00a0logr\u00f3 la victoria en la prueba grande de la segunda jornada del Concurso de Saltos Nacional &#8216;Villa de Laredo&#8217; (1.30m), por delante de<strong>\u00a0Kevin Gonz\u00e1lez de Z\u00e1rate<\/strong>\u00a0que termin\u00f3 segundo, tercero y cuarto, con &#8216;Quite Easy III&#8217;, &#8216;Lorsay Galant&#8217; y &#8216;Robina&#8217;, respectivamente.<\/p>\n<figure id=\"attachment_1231\" class=\"thumbnail wp-caption aligncenter\" style=\"width: 300px\"><a href=\"https:\/\/i0.wp.com\/federacioncantabradehipica.com\/web\/wp-content\/uploads\/2013\/08\/borja-villalon-laredo.jpg\"><img data-recalc-dims=\"1\" loading=\"lazy\" decoding=\"async\" data-attachment-id=\"1231\" data-permalink=\"https:\/\/federacioncantabradehipica.com\/web\/?attachment_id=1231\" data-orig-file=\"https:\/\/i0.wp.com\/federacioncantabradehipica.com\/web\/wp-content\/uploads\/2013\/08\/borja-villalon-laredo.jpg?fit=1200%2C800&amp;ssl=1\" data-orig-size=\"1200,800\" data-comments-opened=\"0\" data-image-meta=\"{&quot;aperture&quot;:&quot;0&quot;,&quot;credit&quot;:&quot;Picasa&quot;,&quot;camera&quot;:&quot;&quot;,&quot;caption&quot;:&quot;&quot;,&quot;created_timestamp&quot;:&quot;0&quot;,&quot;copyright&quot;:&quot;&quot;,&quot;focal_length&quot;:&quot;0&quot;,&quot;iso&quot;:&quot;0&quot;,&quot;shutter_speed&quot;:&quot;0&quot;,&quot;title&quot;:&quot;&quot;}\" data-image-title=\"borja-villalon-laredo\" data-image-description=\"\" data-image-caption=\"&lt;p&gt;Borja Villal\u00f3n gan\u00f3 la prueba grande del s\u00e1bado en Laredo.&lt;\/p&gt;\n\" data-large-file=\"https:\/\/i0.wp.com\/federacioncantabradehipica.com\/web\/wp-content\/uploads\/2013\/08\/borja-villalon-laredo.jpg?fit=1024%2C682&amp;ssl=1\" class=\"size-medium wp-image-1231\" alt=\"Borja Villal\u00f3n gan\u00f3 la prueba grande del s\u00e1bado en Laredo.\" src=\"https:\/\/i0.wp.com\/federacioncantabradehipica.com\/web\/wp-content\/uploads\/2013\/08\/borja-villalon-laredo-300x200.jpg?resize=300%2C200\" width=\"300\" height=\"200\" srcset=\"https:\/\/i0.wp.com\/federacioncantabradehipica.com\/web\/wp-content\/uploads\/2013\/08\/borja-villalon-laredo.jpg?resize=300%2C200&amp;ssl=1 300w, https:\/\/i0.wp.com\/federacioncantabradehipica.com\/web\/wp-content\/uploads\/2013\/08\/borja-villalon-laredo.jpg?resize=150%2C100&amp;ssl=1 150w, https:\/\/i0.wp.com\/federacioncantabradehipica.com\/web\/wp-content\/uploads\/2013\/08\/borja-villalon-laredo.jpg?resize=1024%2C682&amp;ssl=1 1024w, https:\/\/i0.wp.com\/federacioncantabradehipica.com\/web\/wp-content\/uploads\/2013\/08\/borja-villalon-laredo.jpg?resize=262%2C175&amp;ssl=1 262w, https:\/\/i0.wp.com\/federacioncantabradehipica.com\/web\/wp-content\/uploads\/2013\/08\/borja-villalon-laredo.jpg?w=1200&amp;ssl=1 1200w\" sizes=\"auto, (max-width: 300px) 100vw, 300px\" \/><\/a><figcaption class=\"caption wp-caption-text\">Borja Villal\u00f3n gan\u00f3 la prueba grande del s\u00e1bado en Laredo.<\/figcaption><\/figure>\n<p style=\"text-align: justify;\">En el <strong>Peque\u00f1o Gran Premio<\/strong> la victoria tambi\u00e9n se qued\u00f3 en tierras c\u00e1ntabras de la mano de <strong>Saul Guti\u00e9rrez Ot\u00ed<\/strong> con &#8216;Dime de Gozon&#8217; despu\u00e9s de lograr el mejor tiempo en la segunda fase de la prueba. Segundo finaliz\u00f3 <strong>Kevin Gonz\u00e1lez de Z\u00e1rate<\/strong> con &#8216;Dorothea M&#8217; y tercero <strong>Iker Jauregui Apraiz\u00a0<\/strong>con &#8216;Simba de la Bastide&#8217;. En la prueba de GV (1.10m) repiti\u00f3 triunfo <strong>Luc\u00eda Paul Mazo<\/strong> con &#8216;Edda del Pomar&#8217;, y en la prueba open <strong>Xabier Cabezas Mart\u00edn<\/strong> registr\u00f3 el mejor tiempo con &#8216;Zominde&#8217;. \u00a0Ma\u00f1ana domingo se disputar\u00e1 el Gran Premio con el que se pondr\u00e1 punto y final al Concurso de Saltos Nacional &#8216;Villa de Laredo&#8217;.<\/p>\n<ul>\n<li><a href=\"http:\/\/federacioncantabradehipica.com\/web\/wp-content\/uploads\/2013\/03\/CSN-Laredo-11-08-13-ORDEN-SALIDA.pdf\">\u00d3rdenes de salida DOMINGO<\/a><\/li>\n<li><a href=\"http:\/\/federacioncantabradehipica.com\/web\/?p=1094\">Resultados<\/a><\/li>\n<\/ul>\n<p style=\"text-align: right;\"><em>Pablo Lanza \/ F.C.H<\/em><br \/>\n<em>prensafederacionhipica@gmail.com<\/em><\/p>\n","protected":false},"excerpt":{"rendered":"<p>El jinete c\u00e1ntabro consigui\u00f3 la victoria en la prueba grande del s\u00e1bado, en la que Kevin Gonz\u00e1lez de Z\u00e1rate finaliz\u00f3 segundo, tercero y cuarto.<\/p>\n","protected":false},"author":1,"featured_media":1231,"comment_status":"closed","ping_status":"closed","sticky":false,"template":"","format":"standard","meta":{"kt_blocks_editor_width":"","_jetpack_memberships_contains_paid_content":false,"footnotes":"","jetpack_publicize_message":"","jetpack_publicize_feature_enabled":true,"jetpack_social_post_already_shared":false,"jetpack_social_options":{"image_generator_settings":{"template":"highway","default_image_id":0,"font":"","enabled":false},"version":2}},"categories":[6],"tags":[],"class_list":["post-1230","post","type-post","status-publish","format-standard","has-post-thumbnail","hentry","category-noticias"],"jetpack_publicize_connections":[],"jetpack_featured_media_url":"https:\/\/i0.wp.com\/federacioncantabradehipica.com\/web\/wp-content\/uploads\/2013\/08\/borja-villalon-laredo.jpg?fit=1200%2C800&ssl=1","jetpack_sharing_enabled":true,"jetpack_shortlink":"https:\/\/wp.me\/p3jrBv-jQ","jetpack_likes_enabled":false,"_links":{"self":[{"href":"https:\/\/federacioncantabradehipica.com\/web\/index.php?rest_route=\/wp\/v2\/posts\/1230","targetHints":{"allow":["GET"]}}],"collection":[{"href":"https:\/\/federacioncantabradehipica.com\/web\/index.php?rest_route=\/wp\/v2\/posts"}],"about":[{"href":"https:\/\/federacioncantabradehipica.com\/web\/index.php?rest_route=\/wp\/v2\/types\/post"}],"author":[{"embeddable":true,"href":"https:\/\/federacioncantabradehipica.com\/web\/index.php?rest_route=\/wp\/v2\/users\/1"}],"replies":[{"embeddable":true,"href":"https:\/\/federacioncantabradehipica.com\/web\/index.php?rest_route=%2Fwp%2Fv2%2Fcomments&post=1230"}],"version-history":[{"count":6,"href":"https:\/\/federacioncantabradehipica.com\/web\/index.php?rest_route=\/wp\/v2\/posts\/1230\/revisions"}],"predecessor-version":[{"id":1236,"href":"https:\/\/federacioncantabradehipica.com\/web\/index.php?rest_route=\/wp\/v2\/posts\/1230\/revisions\/1236"}],"wp:featuredmedia":[{"embeddable":true,"href":"https:\/\/federacioncantabradehipica.com\/web\/index.php?rest_route=\/wp\/v2\/media\/1231"}],"wp:attachment":[{"href":"https:\/\/federacioncantabradehipica.com\/web\/index.php?rest_route=%2Fwp%2Fv2%2Fmedia&parent=1230"}],"wp:term":[{"taxonomy":"category","embeddable":true,"href":"https:\/\/federacioncantabradehipica.com\/web\/index.php?rest_route=%2Fwp%2Fv2%2Fcategories&post=1230"},{"taxonomy":"post_tag","embeddable":true,"href":"https:\/\/federacioncantabradehipica.com\/web\/index.php?rest_route=%2Fwp%2Fv2%2Ftags&post=1230"}],"curies":[{"name":"wp","href":"https:\/\/api.w.org\/{rel}","templated":true}]}}