{"id":12339,"date":"2025-09-30T19:51:40","date_gmt":"2025-09-30T17:51:40","guid":{"rendered":"https:\/\/federacioncantabradehipica.com\/web\/?p=12339"},"modified":"2025-09-30T19:51:40","modified_gmt":"2025-09-30T17:51:40","slug":"el-11-de-octubre-se-disputa-el-viii-raid-playa-de-laredo","status":"publish","type":"post","link":"https:\/\/federacioncantabradehipica.com\/web\/?p=12339","title":{"rendered":"El 11 de octubre se disputa el VIII Raid Playa de Laredo"},"content":{"rendered":"<p>Ya est\u00e1 disponible el avance de programa del VIII Raid Playa de Laredo (CEN 1*, CEA 1*, CEA 0* 60 \/ 40 \/ 20)<!--more--><\/p>\n<p>Esta gran cita, ya consolidada en el calendario de competici\u00f3n de la h\u00edpica c\u00e1ntabra, se disputar\u00e1 el s\u00e1bado 11 de octubre en la Playa Salv\u00e9, de 8:55h a 17:30h<\/p>\n<ul>\n<li><a href=\"https:\/\/federacioncantabradehipica.com\/web\/wp-content\/uploads\/2025\/03\/AVANCE-DE-PROGRAMA-VIII-RAID-PLAYA-DE-LAREDO-2025.pdf\">Avance de programa<\/a><\/li>\n<\/ul>\n","protected":false},"excerpt":{"rendered":"<p>Ya est\u00e1 disponible el avance de programa del VIII Raid Playa de Laredo (CEN 1*, CEA 1*, CEA 0* 60 \/ 40 \/ 20)<\/p>\n","protected":false},"author":1,"featured_media":12340,"comment_status":"closed","ping_status":"closed","sticky":false,"template":"","format":"standard","meta":{"kt_blocks_editor_width":"","_jetpack_memberships_contains_paid_content":false,"footnotes":"","jetpack_publicize_message":"El 11 de octubre se disputa el VIII Raid Playa de Laredo","jetpack_publicize_feature_enabled":true,"jetpack_social_post_already_shared":true,"jetpack_social_options":{"image_generator_settings":{"template":"highway","default_image_id":0,"font":"","enabled":false},"version":2}},"categories":[6],"tags":[],"class_list":["post-12339","post","type-post","status-publish","format-standard","has-post-thumbnail","hentry","category-noticias"],"jetpack_publicize_connections":[],"jetpack_featured_media_url":"https:\/\/i0.wp.com\/federacioncantabradehipica.com\/web\/wp-content\/uploads\/2025\/09\/Cartel-raid-Laredo-2025-1.jpg?fit=540%2C757&ssl=1","jetpack_sharing_enabled":true,"jetpack_shortlink":"https:\/\/wp.me\/p3jrBv-3d1","jetpack_likes_enabled":false,"_links":{"self":[{"href":"https:\/\/federacioncantabradehipica.com\/web\/index.php?rest_route=\/wp\/v2\/posts\/12339","targetHints":{"allow":["GET"]}}],"collection":[{"href":"https:\/\/federacioncantabradehipica.com\/web\/index.php?rest_route=\/wp\/v2\/posts"}],"about":[{"href":"https:\/\/federacioncantabradehipica.com\/web\/index.php?rest_route=\/wp\/v2\/types\/post"}],"author":[{"embeddable":true,"href":"https:\/\/federacioncantabradehipica.com\/web\/index.php?rest_route=\/wp\/v2\/users\/1"}],"replies":[{"embeddable":true,"href":"https:\/\/federacioncantabradehipica.com\/web\/index.php?rest_route=%2Fwp%2Fv2%2Fcomments&post=12339"}],"version-history":[{"count":1,"href":"https:\/\/federacioncantabradehipica.com\/web\/index.php?rest_route=\/wp\/v2\/posts\/12339\/revisions"}],"predecessor-version":[{"id":12341,"href":"https:\/\/federacioncantabradehipica.com\/web\/index.php?rest_route=\/wp\/v2\/posts\/12339\/revisions\/12341"}],"wp:featuredmedia":[{"embeddable":true,"href":"https:\/\/federacioncantabradehipica.com\/web\/index.php?rest_route=\/wp\/v2\/media\/12340"}],"wp:attachment":[{"href":"https:\/\/federacioncantabradehipica.com\/web\/index.php?rest_route=%2Fwp%2Fv2%2Fmedia&parent=12339"}],"wp:term":[{"taxonomy":"category","embeddable":true,"href":"https:\/\/federacioncantabradehipica.com\/web\/index.php?rest_route=%2Fwp%2Fv2%2Fcategories&post=12339"},{"taxonomy":"post_tag","embeddable":true,"href":"https:\/\/federacioncantabradehipica.com\/web\/index.php?rest_route=%2Fwp%2Fv2%2Ftags&post=12339"}],"curies":[{"name":"wp","href":"https:\/\/api.w.org\/{rel}","templated":true}]}}