{"id":12356,"date":"2025-10-05T22:59:35","date_gmt":"2025-10-05T20:59:35","guid":{"rendered":"https:\/\/federacioncantabradehipica.com\/web\/?p=12356"},"modified":"2025-10-05T23:09:24","modified_gmt":"2025-10-05T21:09:24","slug":"cantabria-medalla-de-bronce-en-el-campeonato-de-espana-de-menores-por-equipos-juveniles","status":"publish","type":"post","link":"https:\/\/federacioncantabradehipica.com\/web\/?p=12356","title":{"rendered":"Cantabria, medalla de bronce en el Campeonato de Espa\u00f1a de Menores por equipos juveniles"},"content":{"rendered":"<p>La h\u00edpica c\u00e1ntabra contin\u00faa sumando \u00e9xitos a nivel nacional. El equipo juvenil de la Federaci\u00f3n C\u00e1ntabra de H\u00edpica se alz\u00f3 este domingo con la medalla de bronce en el Campeonato de Espa\u00f1a de Menores por Equipos Juveniles.<!--more--><\/p>\n<p>El equipo de la FCH, dirigido por la jefa de equipo B\u00e1rbara Mill\u00e1n D\u00edez, firm\u00f3 una brillante actuaci\u00f3n en ambas mangas, demostrando solidez y gran nivel competitivo. La regularidad y el excelente trabajo en equipo permitieron a Cantabria subir al tercer caj\u00f3n del podio y continuar escribiendo p\u00e1ginas hist\u00f3ricas para la h\u00edpica de la regi\u00f3n.<\/p>\n<p>El equipo estuvo formado por:<\/p>\n<ul>\n<li>Lucas L\u00f3pez Benito- Vik Ydp (Yeguada del Pas)<\/li>\n<li>Carmen Anshu Rumoroso Guti\u00e9rrez &#8211; Italica Jr 32 (Heras Horses &amp; Events)<\/li>\n<li>Pablo Movell\u00e1n L\u00f3pez &#8211; Centina de Maeza (Yeguada El Pomar)<\/li>\n<li>Celia Cobo Ter\u00e1n &#8211; Etincelle de Saint\u2019a (Heras Horses &amp; Events)<\/li>\n<\/ul>\n<p>El oro fue para la Federaci\u00f3n Vasca (Equipo Eguskilore), mientras que la plata viaj\u00f3 a Madrid (Equipo Alcal\u00e1).<\/p>\n<p>Desde la Federaci\u00f3n C\u00e1ntabra de H\u00edpica felicitamos a los jinetes, amazonas, entrenadores y jefa de equipo por este nuevo \u00e9xito colectivo, que consolida la proyecci\u00f3n de Cantabria en la \u00e9lite nacional. \u00a1Enhorabuena a todo el equipo por seguir haciendo historia para la h\u00edpica c\u00e1ntabra!<\/p>\n","protected":false},"excerpt":{"rendered":"<p>La h\u00edpica c\u00e1ntabra contin\u00faa sumando \u00e9xitos a nivel nacional. El equipo juvenil de la Federaci\u00f3n C\u00e1ntabra de H\u00edpica se alz\u00f3 este domingo con la medalla de bronce en el Campeonato de Espa\u00f1a de Menores por Equipos Juveniles.<\/p>\n","protected":false},"author":1,"featured_media":12358,"comment_status":"closed","ping_status":"closed","sticky":false,"template":"","format":"standard","meta":{"kt_blocks_editor_width":"","_jetpack_memberships_contains_paid_content":false,"footnotes":"","jetpack_publicize_message":"","jetpack_publicize_feature_enabled":true,"jetpack_social_post_already_shared":true,"jetpack_social_options":{"image_generator_settings":{"template":"highway","default_image_id":0,"font":"","enabled":false},"version":2}},"categories":[6],"tags":[],"class_list":["post-12356","post","type-post","status-publish","format-standard","has-post-thumbnail","hentry","category-noticias"],"jetpack_publicize_connections":[],"jetpack_featured_media_url":"https:\/\/i0.wp.com\/federacioncantabradehipica.com\/web\/wp-content\/uploads\/2025\/10\/WhatsApp-Image-2025-10-05-at-22.52.39.jpeg?fit=800%2C600&ssl=1","jetpack_sharing_enabled":true,"jetpack_shortlink":"https:\/\/wp.me\/p3jrBv-3di","jetpack_likes_enabled":false,"_links":{"self":[{"href":"https:\/\/federacioncantabradehipica.com\/web\/index.php?rest_route=\/wp\/v2\/posts\/12356","targetHints":{"allow":["GET"]}}],"collection":[{"href":"https:\/\/federacioncantabradehipica.com\/web\/index.php?rest_route=\/wp\/v2\/posts"}],"about":[{"href":"https:\/\/federacioncantabradehipica.com\/web\/index.php?rest_route=\/wp\/v2\/types\/post"}],"author":[{"embeddable":true,"href":"https:\/\/federacioncantabradehipica.com\/web\/index.php?rest_route=\/wp\/v2\/users\/1"}],"replies":[{"embeddable":true,"href":"https:\/\/federacioncantabradehipica.com\/web\/index.php?rest_route=%2Fwp%2Fv2%2Fcomments&post=12356"}],"version-history":[{"count":3,"href":"https:\/\/federacioncantabradehipica.com\/web\/index.php?rest_route=\/wp\/v2\/posts\/12356\/revisions"}],"predecessor-version":[{"id":12361,"href":"https:\/\/federacioncantabradehipica.com\/web\/index.php?rest_route=\/wp\/v2\/posts\/12356\/revisions\/12361"}],"wp:featuredmedia":[{"embeddable":true,"href":"https:\/\/federacioncantabradehipica.com\/web\/index.php?rest_route=\/wp\/v2\/media\/12358"}],"wp:attachment":[{"href":"https:\/\/federacioncantabradehipica.com\/web\/index.php?rest_route=%2Fwp%2Fv2%2Fmedia&parent=12356"}],"wp:term":[{"taxonomy":"category","embeddable":true,"href":"https:\/\/federacioncantabradehipica.com\/web\/index.php?rest_route=%2Fwp%2Fv2%2Fcategories&post=12356"},{"taxonomy":"post_tag","embeddable":true,"href":"https:\/\/federacioncantabradehipica.com\/web\/index.php?rest_route=%2Fwp%2Fv2%2Ftags&post=12356"}],"curies":[{"name":"wp","href":"https:\/\/api.w.org\/{rel}","templated":true}]}}