{"id":12371,"date":"2025-10-07T21:48:07","date_gmt":"2025-10-07T19:48:07","guid":{"rendered":"https:\/\/federacioncantabradehipica.com\/web\/?p=12371"},"modified":"2025-10-09T23:35:35","modified_gmt":"2025-10-09T21:35:35","slug":"cantabria-brilla-en-montenmedio-medallas-y-grandes-resultados-en-el-campeonato-de-espana-de-menores","status":"publish","type":"post","link":"https:\/\/federacioncantabradehipica.com\/web\/?p=12371","title":{"rendered":"Cantabria brilla en Montenmedio: medallas y grandes resultados en el Campeonato de Espa\u00f1a de Menores"},"content":{"rendered":"<p style=\"text-align: center;\"><strong>Balance de Barbara Mill\u00e1n D\u00edez, jefa de equipo y vocal de Salto de la Federaci\u00f3n C\u00e1ntabra de H\u00edpica<\/strong><!--more--><\/p>\n<p>Concluye la magn\u00edfica\u00a0participaci\u00f3n\u00a0de todos los jinetes y amazonas\u00a0c\u00e1ntabras\u00a0que han participado en el <strong>Campeonato de Espa\u00f1a de Menores 2025<\/strong>,\u00a0en la Dehesa Montenmedio (C\u00e1diz),\u00a0gracias al esfuerzo incondicional de padres, profesores, mozos, familiares, etc.<\/p>\n<p>Merece una especial rese\u00f1a\u00a0informar que\u00a0este a\u00f1o la\u00a0sede de\u00a0competici\u00f3n se ha realizado a mil kil\u00f3metros de distancia\u00a0y\u00a0en fechas escolares, lo que ha significado un sobre esfuerzo mayor.<\/p>\n<p>En Infantiles\u00a0la\u00a0participaci\u00f3n de\u00a0<strong>Jaime Su\u00e1rez Vena<\/strong> con Wolletty\u00a0consiguiendo la <strong>medalla de bronce<\/strong> y\u00a0<strong>Alonso L\u00f3pez Benito<\/strong> con Too much al Roc\u00a0en\u00a05\u00aa posici\u00f3n en la final individual.<\/p>\n<p>Por su parte, en Juveniles\u00a0final individual, han\u00a0competido,\u00a0<strong>Pablo Movell\u00e1n L\u00f3pez<\/strong> con Centina de Maeza, <strong>Carmen Anshu Rumoroso Guti\u00e9rrez<\/strong> con Italica Jr\u00a032 53, con el resultado de empate en 7\u00aa posici\u00f3n y\u00a0<strong>Nicol\u00e1s Cobo Ter\u00e1n<\/strong> con Corinna\u00a0en la 24\u00aa.<\/p>\n<p>En la categor\u00eda de Juveniles 1*\u00a0final individual, la representaci\u00f3n c\u00e1ntabra\u00a0ha\u00a0conseguido la 7\u00aa posici\u00f3n de\u00a0<strong>Celia Cobo Ter\u00e1n<\/strong> con Alto su Roc, la\u00a08\u00aa posici\u00f3n de\u00a0<strong>Lucas L\u00f3pez Benito<\/strong> con Victoire,\u00a0la 20\u00aa posici\u00f3n de\u00a0<strong>Aitana Regil Cu\u00f1arro<\/strong> con Glamour\u00a0y\u00a0la 22\u00aa posici\u00f3n de\u00a0<strong>Paula Regil Cu\u00f1arro<\/strong> con Erald Saugets.<\/p>\n<p>Cabe destacar, en prueba por equipos\u00a0de juveniles, la <strong>medalla de bronce<\/strong>,\u00a0muy merecida por el equipo formado por\u00a0<strong>Lucas L\u00f3pez Benito<\/strong> con Vik\u00a0Ydp,\u00a0<strong>Carmen Anshu Rumoroso Guti\u00e9rrez<\/strong> con Italica Jr\u00a032 53,\u00a0<strong>Pablo Movell\u00e1n L\u00f3pez<\/strong> con Centina de Maeza, <strong>Carmen Anshu Rumoroso Guti\u00e9rrez<\/strong> con Italica Jr\u00a032 53\u00a0y Celia Cobo Ter\u00e1n con Etincel de Sant\u2019A.<\/p>\n<p>Gracias a <strong>Heras Horses &amp; Events<\/strong>, <strong>Centro H\u00edpico Laredo<\/strong>, <strong>Yeguada del Pas<\/strong>, <strong>Yeguada El Pomar<\/strong> y <strong>Equus Jaime Suarez<\/strong>, as\u00ed como a sus correspondientes profesores por lograr que haya sido posible la representaci\u00f3n de Cantabria en el Campeonato\u00a0de Menores 2025.<\/p>\n<p>Animando a estos y otros clubs a fomentar la cantera de Cantabria para seguir acudiendo a estos y otros concursos nacionales.<\/p>\n<p>Muchas gracias a la <strong>Federaci\u00f3n C\u00e1ntabra de H\u00edpica<\/strong>, <strong>Gobierno de Cantabria<\/strong>, <strong>Sociedad\u00a0Regional\u00a0Educaci\u00f3n,\u00a0Cultura\u00a0y\u00a0Deporte<\/strong> y a <strong>Cantabria Deporte<\/strong> por patrocinar a todos estos deportistas.<\/p>\n","protected":false},"excerpt":{"rendered":"<p>Balance de Barbara Mill\u00e1n D\u00edez, jefa de equipo y vocal de Salto de la Federaci\u00f3n C\u00e1ntabra de H\u00edpica<\/p>\n","protected":false},"author":1,"featured_media":12379,"comment_status":"closed","ping_status":"closed","sticky":false,"template":"","format":"standard","meta":{"kt_blocks_editor_width":"","_jetpack_memberships_contains_paid_content":false,"footnotes":"","jetpack_publicize_message":"Cantabria brilla en Montenmedio: medallas y grandes resultados en el Campeonato de Espa\u00f1a de Menores","jetpack_publicize_feature_enabled":true,"jetpack_social_post_already_shared":true,"jetpack_social_options":{"image_generator_settings":{"template":"highway","default_image_id":0,"font":"","enabled":false},"version":2}},"categories":[6],"tags":[],"class_list":["post-12371","post","type-post","status-publish","format-standard","has-post-thumbnail","hentry","category-noticias"],"jetpack_publicize_connections":[],"jetpack_featured_media_url":"https:\/\/i0.wp.com\/federacioncantabradehipica.com\/web\/wp-content\/uploads\/2025\/10\/Hipica-Post-1.png?fit=1080%2C1080&ssl=1","jetpack_sharing_enabled":true,"jetpack_shortlink":"https:\/\/wp.me\/p3jrBv-3dx","jetpack_likes_enabled":false,"_links":{"self":[{"href":"https:\/\/federacioncantabradehipica.com\/web\/index.php?rest_route=\/wp\/v2\/posts\/12371","targetHints":{"allow":["GET"]}}],"collection":[{"href":"https:\/\/federacioncantabradehipica.com\/web\/index.php?rest_route=\/wp\/v2\/posts"}],"about":[{"href":"https:\/\/federacioncantabradehipica.com\/web\/index.php?rest_route=\/wp\/v2\/types\/post"}],"author":[{"embeddable":true,"href":"https:\/\/federacioncantabradehipica.com\/web\/index.php?rest_route=\/wp\/v2\/users\/1"}],"replies":[{"embeddable":true,"href":"https:\/\/federacioncantabradehipica.com\/web\/index.php?rest_route=%2Fwp%2Fv2%2Fcomments&post=12371"}],"version-history":[{"count":2,"href":"https:\/\/federacioncantabradehipica.com\/web\/index.php?rest_route=\/wp\/v2\/posts\/12371\/revisions"}],"predecessor-version":[{"id":12374,"href":"https:\/\/federacioncantabradehipica.com\/web\/index.php?rest_route=\/wp\/v2\/posts\/12371\/revisions\/12374"}],"wp:featuredmedia":[{"embeddable":true,"href":"https:\/\/federacioncantabradehipica.com\/web\/index.php?rest_route=\/wp\/v2\/media\/12379"}],"wp:attachment":[{"href":"https:\/\/federacioncantabradehipica.com\/web\/index.php?rest_route=%2Fwp%2Fv2%2Fmedia&parent=12371"}],"wp:term":[{"taxonomy":"category","embeddable":true,"href":"https:\/\/federacioncantabradehipica.com\/web\/index.php?rest_route=%2Fwp%2Fv2%2Fcategories&post=12371"},{"taxonomy":"post_tag","embeddable":true,"href":"https:\/\/federacioncantabradehipica.com\/web\/index.php?rest_route=%2Fwp%2Fv2%2Ftags&post=12371"}],"curies":[{"name":"wp","href":"https:\/\/api.w.org\/{rel}","templated":true}]}}