{"id":12504,"date":"2026-01-16T09:00:31","date_gmt":"2026-01-16T08:00:31","guid":{"rendered":"https:\/\/federacioncantabradehipica.com\/web\/?p=12504"},"modified":"2026-01-16T09:00:31","modified_gmt":"2026-01-16T08:00:31","slug":"la-federacion-cantabra-de-hipica-celebra-la-xxv-gran-cena-gala-de-la-hipica","status":"publish","type":"post","link":"https:\/\/federacioncantabradehipica.com\/web\/?p=12504","title":{"rendered":"La Federaci\u00f3n C\u00e1ntabra de H\u00edpica celebra la XXV Gran Cena \u201cGala de la H\u00edpica\u201d"},"content":{"rendered":"<p>La Federaci\u00f3n C\u00e1ntabra de H\u00edpica celebrar\u00e1 el pr\u00f3ximo <strong>s\u00e1bado 24 de enero de 2026<\/strong> la XXV edici\u00f3n de la Gran Cena \u201cGala de la H\u00edpica\u201d, uno de los actos sociales m\u00e1s emblem\u00e1ticos del calendario h\u00edpico regional.<!--more--><\/p>\n<p>El evento tendr\u00e1 lugar este a\u00f1o en el <strong>Hotel Sardinero<\/strong> de Santander, a partir de las 21:30 horas, y reunir\u00e1 a los federados c\u00e1ntabros, deportistas, t\u00e9cnicos, clubes, directivos, colaboradores y representantes institucionales vinculados al mundo h\u00edpico en Cantabria. La gala servir\u00e1 como punto de encuentro y como reconocimiento a la labor y los \u00e9xitos alcanzados durante la pasada temporada.<\/p>\n<p><strong>Desde la Federaci\u00f3n se recuerda que, por motivos organizativos, es imprescindible confirmar la asistencia antes del 20 de enero, comunic\u00e1ndolo por correo electr\u00f3nico a: info@federacioncantabradehipica.com<\/strong><\/p>\n<p><strong>Venta de entradas<\/strong><\/p>\n<ul>\n<li>Precio \u00fanico: 45 euros<\/li>\n<li>Lugar de venta: Federaci\u00f3n C\u00e1ntabra de H\u00edpica &#8211; c\/ Castilla, 89 \u2013 Entresuelo (Santander)<\/li>\n<li>Horario: Lunes y jueves, de 18:00 a 20:00 horas<\/li>\n<\/ul>\n<p>La Federaci\u00f3n C\u00e1ntabra de H\u00edpica invita a todos los estamentos del deporte h\u00edpico y a los aficionados a participar en esta cita especial, que celebra sus 25 ediciones consolidada como un referente en la regi\u00f3n.<\/p>\n","protected":false},"excerpt":{"rendered":"<p>La Federaci\u00f3n C\u00e1ntabra de H\u00edpica celebrar\u00e1 el pr\u00f3ximo s\u00e1bado 24 de enero de 2026 la XXV edici\u00f3n de la Gran Cena \u201cGala de la H\u00edpica\u201d, uno de los actos sociales m\u00e1s emblem\u00e1ticos del calendario h\u00edpico regional.<\/p>\n","protected":false},"author":1,"featured_media":12506,"comment_status":"closed","ping_status":"closed","sticky":false,"template":"","format":"standard","meta":{"kt_blocks_editor_width":"","_jetpack_memberships_contains_paid_content":false,"footnotes":"","jetpack_publicize_message":"\ud83d\udc34 La Federaci\u00f3n C\u00e1ntabra de H\u00edpica celebra la XXV Gran Cena \u201cGala de la H\u00edpica\u201d","jetpack_publicize_feature_enabled":true,"jetpack_social_post_already_shared":true,"jetpack_social_options":{"image_generator_settings":{"template":"highway","default_image_id":0,"font":"","enabled":false},"version":2}},"categories":[6],"tags":[],"class_list":["post-12504","post","type-post","status-publish","format-standard","has-post-thumbnail","hentry","category-noticias"],"jetpack_publicize_connections":[],"jetpack_featured_media_url":"https:\/\/i0.wp.com\/federacioncantabradehipica.com\/web\/wp-content\/uploads\/2026\/01\/Gala-Hipica-FCH.jpg?fit=1024%2C1536&ssl=1","jetpack_sharing_enabled":true,"jetpack_shortlink":"https:\/\/wp.me\/p3jrBv-3fG","jetpack_likes_enabled":false,"_links":{"self":[{"href":"https:\/\/federacioncantabradehipica.com\/web\/index.php?rest_route=\/wp\/v2\/posts\/12504","targetHints":{"allow":["GET"]}}],"collection":[{"href":"https:\/\/federacioncantabradehipica.com\/web\/index.php?rest_route=\/wp\/v2\/posts"}],"about":[{"href":"https:\/\/federacioncantabradehipica.com\/web\/index.php?rest_route=\/wp\/v2\/types\/post"}],"author":[{"embeddable":true,"href":"https:\/\/federacioncantabradehipica.com\/web\/index.php?rest_route=\/wp\/v2\/users\/1"}],"replies":[{"embeddable":true,"href":"https:\/\/federacioncantabradehipica.com\/web\/index.php?rest_route=%2Fwp%2Fv2%2Fcomments&post=12504"}],"version-history":[{"count":1,"href":"https:\/\/federacioncantabradehipica.com\/web\/index.php?rest_route=\/wp\/v2\/posts\/12504\/revisions"}],"predecessor-version":[{"id":12505,"href":"https:\/\/federacioncantabradehipica.com\/web\/index.php?rest_route=\/wp\/v2\/posts\/12504\/revisions\/12505"}],"wp:featuredmedia":[{"embeddable":true,"href":"https:\/\/federacioncantabradehipica.com\/web\/index.php?rest_route=\/wp\/v2\/media\/12506"}],"wp:attachment":[{"href":"https:\/\/federacioncantabradehipica.com\/web\/index.php?rest_route=%2Fwp%2Fv2%2Fmedia&parent=12504"}],"wp:term":[{"taxonomy":"category","embeddable":true,"href":"https:\/\/federacioncantabradehipica.com\/web\/index.php?rest_route=%2Fwp%2Fv2%2Fcategories&post=12504"},{"taxonomy":"post_tag","embeddable":true,"href":"https:\/\/federacioncantabradehipica.com\/web\/index.php?rest_route=%2Fwp%2Fv2%2Ftags&post=12504"}],"curies":[{"name":"wp","href":"https:\/\/api.w.org\/{rel}","templated":true}]}}