{"id":12516,"date":"2026-01-19T00:04:18","date_gmt":"2026-01-18T23:04:18","guid":{"rendered":"https:\/\/federacioncantabradehipica.com\/web\/?p=12516"},"modified":"2026-01-19T00:04:18","modified_gmt":"2026-01-18T23:04:18","slug":"el-csn-3-heras-winter-propenor-abre-la-temporada-hipica-nacional-2026-en-cantabria","status":"publish","type":"post","link":"https:\/\/federacioncantabradehipica.com\/web\/?p=12516","title":{"rendered":"El CSN 3* Heras Winter Propenor abre la temporada h\u00edpica nacional 2026 en Cantabria"},"content":{"rendered":"<p>Heras Horses &amp; Events volver\u00e1 a convertirse en el epicentro de la h\u00edpica nacional con la celebraci\u00f3n del Concurso Nacional de Saltos 3* Heras Winter Propenor, que tendr\u00e1 lugar del 23 al 25 de enero.<!--more--><\/p>\n<p>Esta cita marca la vuelta de la competici\u00f3n nacional a Cantabria y lo hace manteniendo la esencia de uno de los eventos m\u00e1s esperados del calendario de invierno. Durante tres jornadas, jinetes y amazonas de primer nivel competir\u00e1n en un entorno dise\u00f1ado para ofrecer el m\u00e1ximo espect\u00e1culo deportivo, combinando t\u00e9cnica, emoci\u00f3n y tradici\u00f3n.<\/p>\n<p>El concurso contar\u00e1 nuevamente con el apoyo de Restaurantes La Corbata, reforzando la apuesta por unir deporte, gastronom\u00eda y experiencia para participantes y aficionados.<\/p>\n<p>Desde la organizaci\u00f3n se recuerda que las instalaciones estar\u00e1n abiertas al p\u00fablico durante todo el evento, con acceso libre y gratuito, invitando a todos los aficionados a disfrutar de la competici\u00f3n y del ambiente \u00fanico que caracteriza la competici\u00f3n nacional CSN 3* Heras Winter Propenor.<\/p>\n","protected":false},"excerpt":{"rendered":"<p>Heras Horses &amp; Events volver\u00e1 a convertirse en el epicentro de la h\u00edpica nacional con la celebraci\u00f3n del Concurso Nacional de Saltos 3* Heras Winter Propenor, que tendr\u00e1 lugar del 23 al 25 de enero.<\/p>\n","protected":false},"author":1,"featured_media":12517,"comment_status":"closed","ping_status":"closed","sticky":false,"template":"","format":"standard","meta":{"kt_blocks_editor_width":"","_jetpack_memberships_contains_paid_content":false,"footnotes":"","jetpack_publicize_message":"El CSN 3* Heras Winter Propenor abre la temporada h\u00edpica nacional 2026 en Cantabria","jetpack_publicize_feature_enabled":true,"jetpack_social_post_already_shared":true,"jetpack_social_options":{"image_generator_settings":{"template":"highway","default_image_id":0,"font":"","enabled":false},"version":2}},"categories":[6],"tags":[],"class_list":["post-12516","post","type-post","status-publish","format-standard","has-post-thumbnail","hentry","category-noticias"],"jetpack_publicize_connections":[],"jetpack_featured_media_url":"https:\/\/i0.wp.com\/federacioncantabradehipica.com\/web\/wp-content\/uploads\/2026\/01\/WhatsApp-Image-2026-01-16-at-14.49.56.jpeg?fit=1131%2C1600&ssl=1","jetpack_sharing_enabled":true,"jetpack_shortlink":"https:\/\/wp.me\/p3jrBv-3fS","jetpack_likes_enabled":false,"_links":{"self":[{"href":"https:\/\/federacioncantabradehipica.com\/web\/index.php?rest_route=\/wp\/v2\/posts\/12516","targetHints":{"allow":["GET"]}}],"collection":[{"href":"https:\/\/federacioncantabradehipica.com\/web\/index.php?rest_route=\/wp\/v2\/posts"}],"about":[{"href":"https:\/\/federacioncantabradehipica.com\/web\/index.php?rest_route=\/wp\/v2\/types\/post"}],"author":[{"embeddable":true,"href":"https:\/\/federacioncantabradehipica.com\/web\/index.php?rest_route=\/wp\/v2\/users\/1"}],"replies":[{"embeddable":true,"href":"https:\/\/federacioncantabradehipica.com\/web\/index.php?rest_route=%2Fwp%2Fv2%2Fcomments&post=12516"}],"version-history":[{"count":1,"href":"https:\/\/federacioncantabradehipica.com\/web\/index.php?rest_route=\/wp\/v2\/posts\/12516\/revisions"}],"predecessor-version":[{"id":12518,"href":"https:\/\/federacioncantabradehipica.com\/web\/index.php?rest_route=\/wp\/v2\/posts\/12516\/revisions\/12518"}],"wp:featuredmedia":[{"embeddable":true,"href":"https:\/\/federacioncantabradehipica.com\/web\/index.php?rest_route=\/wp\/v2\/media\/12517"}],"wp:attachment":[{"href":"https:\/\/federacioncantabradehipica.com\/web\/index.php?rest_route=%2Fwp%2Fv2%2Fmedia&parent=12516"}],"wp:term":[{"taxonomy":"category","embeddable":true,"href":"https:\/\/federacioncantabradehipica.com\/web\/index.php?rest_route=%2Fwp%2Fv2%2Fcategories&post=12516"},{"taxonomy":"post_tag","embeddable":true,"href":"https:\/\/federacioncantabradehipica.com\/web\/index.php?rest_route=%2Fwp%2Fv2%2Ftags&post=12516"}],"curies":[{"name":"wp","href":"https:\/\/api.w.org\/{rel}","templated":true}]}}