{"id":12539,"date":"2026-01-25T12:44:21","date_gmt":"2026-01-25T11:44:21","guid":{"rendered":"https:\/\/federacioncantabradehipica.com\/web\/?p=12539"},"modified":"2026-01-25T15:35:33","modified_gmt":"2026-01-25T14:35:33","slug":"la-hipica-cantabra-celebra-su-gran-noche-en-la-xxv-gala-de-la-federacion","status":"publish","type":"post","link":"https:\/\/federacioncantabradehipica.com\/web\/?p=12539","title":{"rendered":"La h\u00edpica c\u00e1ntabra celebra su gran noche en la XXV Gala de la Federaci\u00f3n"},"content":{"rendered":"<p>La Federaci\u00f3n C\u00e1ntabra de H\u00edpica celebr\u00f3 este fin de semana la XXV edici\u00f3n de la Gala de la H\u00edpica de Cantabria, una cita muy especial que reuni\u00f3 a m\u00e1s de dos centenares asistentes en el Gran Hotel Sardinero, escenario elegido para conmemorar un cuarto de siglo reconociendo el esfuerzo, el talento y los \u00e9xitos del deporte h\u00edpico regional.<!--more--><\/p>\n<p>Autoridades, representantes federativos, clubes, t\u00e9cnicos, jueces, deportistas y familiares compartieron una noche cargada de emoci\u00f3n, reencuentros y orgullo por una temporada 2025 que ha sido calificada como extraordinaria por el presidente de la Federaci\u00f3n C\u00e1ntabra de H\u00edpica, Roberto Laherr\u00e1n, durante su intervenci\u00f3n de apertura.<\/p>\n<p>La gala cont\u00f3 con la presencia institucional de Beatriz Pell\u00f3n, concejala de Deportes del Ayuntamiento de Santander y Carlos Caram\u00e9s, alcalde del Ayuntamiento de Pi\u00e9lagos, entre otros; Israel D\u00edaz, periodista de Radio Marca, fue el encargado de presentar el acto.<\/p>\n<p>Durante el acto se hizo un recorrido por una temporada marcada por los grandes resultados deportivos, la consolidaci\u00f3n de competiciones de referencia a nivel nacional e internacional y el crecimiento constante de la h\u00edpica c\u00e1ntabra en disciplinas como el salto, el raid, el TREC, la doma cl\u00e1sica y el volteo.<\/p>\n<p><strong>Entrega de campeonatos regionales<\/strong><\/p>\n<p>Uno de los momentos centrales de la noche fue la entrega de los tradicionales diplomas de los Campeonatos de Cantabria 2025 y las Ligas C\u00e1ntabras, en las distintas modalidades y categor\u00edas, reconociendo a los medallistas de TREC, Raid, Salto de Obst\u00e1culos, Ponis y competiciones por equipos, en un acto que puso en valor el trabajo diario de deportistas, entrenadores, clubes y familias. Debido a la dermatosis nodular contagiosa, que oblig\u00f3 a finalizar anticipadamente la temporada, el Campeonato Cantabria de Doma Cl\u00e1sica 2025 no se pudo disputar.<\/p>\n<p><strong>Menciones especiales de la Federaci\u00f3n C\u00e1ntabra de H\u00edpica<\/strong><\/p>\n<p>La XXV Gala tuvo un car\u00e1cter especialmente emotivo con la entrega de las Menciones Especiales de la Federaci\u00f3n C\u00e1ntabra de H\u00edpica, destinadas a reconocer los \u00e9xitos m\u00e1s destacados logrados a nivel nacional e internacional durante la temporada.<\/p>\n<p>Entre los galardonados se encontraban deportistas que han subido al podio en Campeonatos de Espa\u00f1a de Menores, Absolutos, Ponis y TREC, as\u00ed como en el Campeonato de Europa de Raid, dejando patente el excelente nivel competitivo de la h\u00edpica c\u00e1ntabra.<\/p>\n<p>Destacaron las medallas logradas por <strong>Jaime Su\u00e1rez Vena<\/strong> (medalla de bronce en el Campeonato de Espa\u00f1a Infantil); medalla de bronce por equipos en el Campeonato de Espa\u00f1a de Menores en la categoria juveniles: <strong>Lucas L\u00f3pez Benito, Carmen Anshu Rumoroso Guti\u00e9rrez, Pablo Movell\u00e1n L\u00f3pez<\/strong> y<strong> Celia Cobo Ter\u00e1n<\/strong>; <strong>Iv\u00e1n Serrano S\u00e1ez<\/strong>, medalla de bronce individual en el Campeonato de Espa\u00f1a absoluto; <strong>Juan Carlos Ruiz de VIlla<\/strong>, medalla de oro por equipos en el Campeonato de Europa de Raid, categoria de 160km; <strong>Nuria Cagigas Garc\u00eda<\/strong>, medalla de plata individual en el Campeonato de Espa\u00f1a de TREC Menores 0*; <strong>Dar\u00edo Pila Vaquero<\/strong>, medalla de plata invidividual en el Campeonato de Espa\u00f1a de TREC Categor\u00eda 1*; la medalla de plata por equipos en el Campeonato de Espa\u00f1a de TREC Categor\u00eda 1* lograda por <strong>Dar\u00edo Pila Vaquero<\/strong>, <strong>Alba Matanza Aja<\/strong>, <strong>Ahinara Ortiz Garc\u00eda<\/strong> y <strong>Celia Outeda Torre<\/strong>; <strong>Gerardo Lobo \u00c1lvarez<\/strong>, medalla de plata en el Campeonato de Espa\u00f1a de TREC en la categor\u00eda de veteranos; medalla de plata por equipos en el Campeonato de Espa\u00f1a de TREC, j\u00f3venes jinetes, categor\u00eda 2*: <strong>Paula Castillo San Emeterio, Lara Matanza Aja y Candela San Rom\u00e1n Guti\u00e9rrez de Rozas<\/strong>; <strong>Gabriela Vallejo Revilla<\/strong>, medalla de plata individual y por equipos; y <strong>Fabiola Revilla Alonso<\/strong>, medalla de plata individual en la categor\u00eda de Ponis C.<\/p>\n<p><strong>Un homenaje al legado y al futuro<\/strong><\/p>\n<p>La gala tuvo tambi\u00e9n un recuerdo muy especial para Federico Cobo San Miguel, alma mater de Heras Horses &amp; Events y figura clave en el salto de calidad de la h\u00edpica c\u00e1ntabra a nivel nacional e internacional durante los \u00faltimos a\u00f1os, cuyo legado fue destacado por el presidente de la Federaci\u00f3n, Roberto Laherr\u00e1n, durante su discurso.<\/p>\n<p>La noche concluy\u00f3 con la tradicional foto de familia de todos los premiados y un mensaje de optimismo de cara a la nueva temporada, que ya ha comenzado con las primeras competiciones de 2026 en las instalaciones de Equus Jaime Su\u00e1rez y en Heras Horses&amp;Events.<\/p>\n<p>La Federaci\u00f3n C\u00e1ntabra de H\u00edpica quiso agradecer la presencia de autoridades, clubes, deportistas y, especialmente, a la direcci\u00f3n y al personal del Gran Hotel Sardinero, por su colaboraci\u00f3n para hacer posible una tradici\u00f3n que arranc\u00f3 hace m\u00e1s de 25 a\u00f1os por el presidente Gonzalo Ros\u00e1enz Cabanas \u00abCholo\u00bb.<\/p>\n<hr \/>\n<div id=\"kad-wp-gallery72\" class=\"kad-wp-gallery kad-light-wp-gallery clearfix kt-gallery-column-3 rowtight\"><div class=\"tcol-lg-4 tcol-md-4 tcol-sm-4 tcol-xs-6 tcol-ss-12 g_item\"><div class=\"grid_item kad_gallery_fade_in gallery_item\"><a href=\"https:\/\/i0.wp.com\/federacioncantabradehipica.com\/web\/wp-content\/uploads\/2026\/01\/PLP_2514-scaled.jpg?fit=2560%2C1707&#038;ssl=1\" data-rel=\"lightbox\" class=\"lightboxhover\"><img loading=\"lazy\" decoding=\"async\" src=\"https:\/\/i0.wp.com\/federacioncantabradehipica.com\/web\/wp-content\/uploads\/2026\/01\/PLP_2514-scaled.jpg?fit=2560%2C1707&#038;ssl=1&#038;resize=400%2C400\" width=\"400\" height=\"400\" alt=\"\"  class=\"light-dropshaddow\"\/><\/a><\/div><\/div><div class=\"tcol-lg-4 tcol-md-4 tcol-sm-4 tcol-xs-6 tcol-ss-12 g_item\"><div class=\"grid_item kad_gallery_fade_in gallery_item\"><a href=\"https:\/\/i0.wp.com\/federacioncantabradehipica.com\/web\/wp-content\/uploads\/2026\/01\/PLP_2530-scaled.jpg?fit=2560%2C1707&#038;ssl=1\" data-rel=\"lightbox\" class=\"lightboxhover\"><img loading=\"lazy\" decoding=\"async\" src=\"https:\/\/i0.wp.com\/federacioncantabradehipica.com\/web\/wp-content\/uploads\/2026\/01\/PLP_2530-scaled.jpg?fit=2560%2C1707&#038;ssl=1&#038;resize=400%2C400\" width=\"400\" height=\"400\" alt=\"\"  class=\"light-dropshaddow\"\/><\/a><\/div><\/div><div class=\"tcol-lg-4 tcol-md-4 tcol-sm-4 tcol-xs-6 tcol-ss-12 g_item\"><div class=\"grid_item kad_gallery_fade_in gallery_item\"><a href=\"https:\/\/i0.wp.com\/federacioncantabradehipica.com\/web\/wp-content\/uploads\/2026\/01\/PLP_2547-scaled.jpg?fit=2560%2C1707&#038;ssl=1\" data-rel=\"lightbox\" class=\"lightboxhover\"><img loading=\"lazy\" decoding=\"async\" src=\"https:\/\/i0.wp.com\/federacioncantabradehipica.com\/web\/wp-content\/uploads\/2026\/01\/PLP_2547-scaled.jpg?fit=2560%2C1707&#038;ssl=1&#038;resize=400%2C400\" width=\"400\" height=\"400\" alt=\"\"  class=\"light-dropshaddow\"\/><\/a><\/div><\/div><div class=\"tcol-lg-4 tcol-md-4 tcol-sm-4 tcol-xs-6 tcol-ss-12 g_item\"><div class=\"grid_item kad_gallery_fade_in gallery_item\"><a href=\"https:\/\/i0.wp.com\/federacioncantabradehipica.com\/web\/wp-content\/uploads\/2026\/01\/PLP_2563-scaled.jpg?fit=2560%2C1707&#038;ssl=1\" data-rel=\"lightbox\" class=\"lightboxhover\"><img loading=\"lazy\" decoding=\"async\" src=\"https:\/\/i0.wp.com\/federacioncantabradehipica.com\/web\/wp-content\/uploads\/2026\/01\/PLP_2563-scaled.jpg?fit=2560%2C1707&#038;ssl=1&#038;resize=400%2C400\" width=\"400\" height=\"400\" alt=\"\"  class=\"light-dropshaddow\"\/><\/a><\/div><\/div><div class=\"tcol-lg-4 tcol-md-4 tcol-sm-4 tcol-xs-6 tcol-ss-12 g_item\"><div class=\"grid_item kad_gallery_fade_in gallery_item\"><a href=\"https:\/\/i0.wp.com\/federacioncantabradehipica.com\/web\/wp-content\/uploads\/2026\/01\/PLP_2583-scaled.jpg?fit=2560%2C1707&#038;ssl=1\" data-rel=\"lightbox\" class=\"lightboxhover\"><img loading=\"lazy\" decoding=\"async\" src=\"https:\/\/i0.wp.com\/federacioncantabradehipica.com\/web\/wp-content\/uploads\/2026\/01\/PLP_2583-scaled.jpg?fit=2560%2C1707&#038;ssl=1&#038;resize=400%2C400\" width=\"400\" height=\"400\" alt=\"\"  class=\"light-dropshaddow\"\/><\/a><\/div><\/div><div class=\"tcol-lg-4 tcol-md-4 tcol-sm-4 tcol-xs-6 tcol-ss-12 g_item\"><div class=\"grid_item kad_gallery_fade_in gallery_item\"><a href=\"https:\/\/i0.wp.com\/federacioncantabradehipica.com\/web\/wp-content\/uploads\/2026\/01\/PLP_2586-scaled.jpg?fit=2560%2C1707&#038;ssl=1\" data-rel=\"lightbox\" class=\"lightboxhover\"><img loading=\"lazy\" decoding=\"async\" src=\"https:\/\/i0.wp.com\/federacioncantabradehipica.com\/web\/wp-content\/uploads\/2026\/01\/PLP_2586-scaled.jpg?fit=2560%2C1707&#038;ssl=1&#038;resize=400%2C400\" width=\"400\" height=\"400\" alt=\"\"  class=\"light-dropshaddow\"\/><\/a><\/div><\/div><div class=\"tcol-lg-4 tcol-md-4 tcol-sm-4 tcol-xs-6 tcol-ss-12 g_item\"><div class=\"grid_item kad_gallery_fade_in gallery_item\"><a href=\"https:\/\/i0.wp.com\/federacioncantabradehipica.com\/web\/wp-content\/uploads\/2026\/01\/PLP_2595-scaled.jpg?fit=2560%2C1707&#038;ssl=1\" data-rel=\"lightbox\" class=\"lightboxhover\"><img loading=\"lazy\" decoding=\"async\" src=\"https:\/\/i0.wp.com\/federacioncantabradehipica.com\/web\/wp-content\/uploads\/2026\/01\/PLP_2595-scaled.jpg?fit=2560%2C1707&#038;ssl=1&#038;resize=400%2C400\" width=\"400\" height=\"400\" alt=\"\"  class=\"light-dropshaddow\"\/><\/a><\/div><\/div><div class=\"tcol-lg-4 tcol-md-4 tcol-sm-4 tcol-xs-6 tcol-ss-12 g_item\"><div class=\"grid_item kad_gallery_fade_in gallery_item\"><a href=\"https:\/\/i0.wp.com\/federacioncantabradehipica.com\/web\/wp-content\/uploads\/2026\/01\/PLP_2599-scaled.jpg?fit=2560%2C1707&#038;ssl=1\" data-rel=\"lightbox\" class=\"lightboxhover\"><img loading=\"lazy\" decoding=\"async\" src=\"https:\/\/i0.wp.com\/federacioncantabradehipica.com\/web\/wp-content\/uploads\/2026\/01\/PLP_2599-scaled.jpg?fit=2560%2C1707&#038;ssl=1&#038;resize=400%2C400\" width=\"400\" height=\"400\" alt=\"\"  class=\"light-dropshaddow\"\/><\/a><\/div><\/div><div class=\"tcol-lg-4 tcol-md-4 tcol-sm-4 tcol-xs-6 tcol-ss-12 g_item\"><div class=\"grid_item kad_gallery_fade_in gallery_item\"><a href=\"https:\/\/i0.wp.com\/federacioncantabradehipica.com\/web\/wp-content\/uploads\/2026\/01\/PLP_2609-scaled.jpg?fit=2560%2C1707&#038;ssl=1\" data-rel=\"lightbox\" class=\"lightboxhover\"><img loading=\"lazy\" decoding=\"async\" src=\"https:\/\/i0.wp.com\/federacioncantabradehipica.com\/web\/wp-content\/uploads\/2026\/01\/PLP_2609-scaled.jpg?fit=2560%2C1707&#038;ssl=1&#038;resize=400%2C400\" width=\"400\" height=\"400\" alt=\"\"  class=\"light-dropshaddow\"\/><\/a><\/div><\/div><div class=\"tcol-lg-4 tcol-md-4 tcol-sm-4 tcol-xs-6 tcol-ss-12 g_item\"><div class=\"grid_item kad_gallery_fade_in gallery_item\"><a href=\"https:\/\/i0.wp.com\/federacioncantabradehipica.com\/web\/wp-content\/uploads\/2026\/01\/PLP_2623-scaled.jpg?fit=2560%2C1707&#038;ssl=1\" data-rel=\"lightbox\" class=\"lightboxhover\"><img loading=\"lazy\" decoding=\"async\" src=\"https:\/\/i0.wp.com\/federacioncantabradehipica.com\/web\/wp-content\/uploads\/2026\/01\/PLP_2623-scaled.jpg?fit=2560%2C1707&#038;ssl=1&#038;resize=400%2C400\" width=\"400\" height=\"400\" alt=\"\"  class=\"light-dropshaddow\"\/><\/a><\/div><\/div><div class=\"tcol-lg-4 tcol-md-4 tcol-sm-4 tcol-xs-6 tcol-ss-12 g_item\"><div class=\"grid_item kad_gallery_fade_in gallery_item\"><a href=\"https:\/\/i0.wp.com\/federacioncantabradehipica.com\/web\/wp-content\/uploads\/2026\/01\/PLP_2636-scaled.jpg?fit=2560%2C1707&#038;ssl=1\" data-rel=\"lightbox\" class=\"lightboxhover\"><img loading=\"lazy\" decoding=\"async\" src=\"https:\/\/i0.wp.com\/federacioncantabradehipica.com\/web\/wp-content\/uploads\/2026\/01\/PLP_2636-scaled.jpg?fit=2560%2C1707&#038;ssl=1&#038;resize=400%2C400\" width=\"400\" height=\"400\" alt=\"\"  class=\"light-dropshaddow\"\/><\/a><\/div><\/div><div class=\"tcol-lg-4 tcol-md-4 tcol-sm-4 tcol-xs-6 tcol-ss-12 g_item\"><div class=\"grid_item kad_gallery_fade_in gallery_item\"><a href=\"https:\/\/i0.wp.com\/federacioncantabradehipica.com\/web\/wp-content\/uploads\/2026\/01\/PLP_2642-scaled.jpg?fit=2560%2C1707&#038;ssl=1\" data-rel=\"lightbox\" class=\"lightboxhover\"><img loading=\"lazy\" decoding=\"async\" src=\"https:\/\/i0.wp.com\/federacioncantabradehipica.com\/web\/wp-content\/uploads\/2026\/01\/PLP_2642-scaled.jpg?fit=2560%2C1707&#038;ssl=1&#038;resize=400%2C400\" width=\"400\" height=\"400\" alt=\"\"  class=\"light-dropshaddow\"\/><\/a><\/div><\/div><div class=\"tcol-lg-4 tcol-md-4 tcol-sm-4 tcol-xs-6 tcol-ss-12 g_item\"><div class=\"grid_item kad_gallery_fade_in gallery_item\"><a href=\"https:\/\/i0.wp.com\/federacioncantabradehipica.com\/web\/wp-content\/uploads\/2026\/01\/PLP_2650-scaled.jpg?fit=2560%2C1707&#038;ssl=1\" data-rel=\"lightbox\" class=\"lightboxhover\"><img loading=\"lazy\" decoding=\"async\" src=\"https:\/\/i0.wp.com\/federacioncantabradehipica.com\/web\/wp-content\/uploads\/2026\/01\/PLP_2650-scaled.jpg?fit=2560%2C1707&#038;ssl=1&#038;resize=400%2C400\" width=\"400\" height=\"400\" alt=\"\"  class=\"light-dropshaddow\"\/><\/a><\/div><\/div><div class=\"tcol-lg-4 tcol-md-4 tcol-sm-4 tcol-xs-6 tcol-ss-12 g_item\"><div class=\"grid_item kad_gallery_fade_in gallery_item\"><a href=\"https:\/\/i0.wp.com\/federacioncantabradehipica.com\/web\/wp-content\/uploads\/2026\/01\/PLP_2657-scaled.jpg?fit=2560%2C1707&#038;ssl=1\" data-rel=\"lightbox\" class=\"lightboxhover\"><img loading=\"lazy\" decoding=\"async\" src=\"https:\/\/i0.wp.com\/federacioncantabradehipica.com\/web\/wp-content\/uploads\/2026\/01\/PLP_2657-scaled.jpg?fit=2560%2C1707&#038;ssl=1&#038;resize=400%2C400\" width=\"400\" height=\"400\" alt=\"\"  class=\"light-dropshaddow\"\/><\/a><\/div><\/div><div class=\"tcol-lg-4 tcol-md-4 tcol-sm-4 tcol-xs-6 tcol-ss-12 g_item\"><div class=\"grid_item kad_gallery_fade_in gallery_item\"><a href=\"https:\/\/i0.wp.com\/federacioncantabradehipica.com\/web\/wp-content\/uploads\/2026\/01\/PLP_2671-scaled.jpg?fit=2560%2C1707&#038;ssl=1\" data-rel=\"lightbox\" class=\"lightboxhover\"><img loading=\"lazy\" decoding=\"async\" src=\"https:\/\/i0.wp.com\/federacioncantabradehipica.com\/web\/wp-content\/uploads\/2026\/01\/PLP_2671-scaled.jpg?fit=2560%2C1707&#038;ssl=1&#038;resize=400%2C400\" width=\"400\" height=\"400\" alt=\"\"  class=\"light-dropshaddow\"\/><\/a><\/div><\/div><div class=\"tcol-lg-4 tcol-md-4 tcol-sm-4 tcol-xs-6 tcol-ss-12 g_item\"><div class=\"grid_item kad_gallery_fade_in gallery_item\"><a href=\"https:\/\/i0.wp.com\/federacioncantabradehipica.com\/web\/wp-content\/uploads\/2026\/01\/PLP_2684-scaled.jpg?fit=2560%2C1707&#038;ssl=1\" data-rel=\"lightbox\" class=\"lightboxhover\"><img loading=\"lazy\" decoding=\"async\" src=\"https:\/\/i0.wp.com\/federacioncantabradehipica.com\/web\/wp-content\/uploads\/2026\/01\/PLP_2684-scaled.jpg?fit=2560%2C1707&#038;ssl=1&#038;resize=400%2C400\" width=\"400\" height=\"400\" alt=\"\"  class=\"light-dropshaddow\"\/><\/a><\/div><\/div><\/div>\n","protected":false},"excerpt":{"rendered":"<p>La Federaci\u00f3n C\u00e1ntabra de H\u00edpica celebr\u00f3 este fin de semana la XXV edici\u00f3n de la Gala de la H\u00edpica de Cantabria, una cita muy especial que reuni\u00f3 a m\u00e1s de dos centenares asistentes en el Gran Hotel Sardinero, escenario elegido &hellip; <a href=\"https:\/\/federacioncantabradehipica.com\/web\/?p=12539\">Continuar<\/a><\/p>\n","protected":false},"author":1,"featured_media":12540,"comment_status":"closed","ping_status":"closed","sticky":false,"template":"","format":"standard","meta":{"kt_blocks_editor_width":"","_jetpack_memberships_contains_paid_content":false,"footnotes":"","jetpack_publicize_message":"\ud83d\udc34 La h\u00edpica c\u00e1ntabra celebra su gran noche en la XXV Gala de la Federaci\u00f3n","jetpack_publicize_feature_enabled":true,"jetpack_social_post_already_shared":true,"jetpack_social_options":{"image_generator_settings":{"template":"highway","default_image_id":0,"font":"","enabled":false},"version":2}},"categories":[6],"tags":[],"class_list":["post-12539","post","type-post","status-publish","format-standard","has-post-thumbnail","hentry","category-noticias"],"jetpack_publicize_connections":[],"jetpack_featured_media_url":"https:\/\/i0.wp.com\/federacioncantabradehipica.com\/web\/wp-content\/uploads\/2026\/01\/PLP_2683-scaled.jpg?fit=2560%2C1707&ssl=1","jetpack_sharing_enabled":true,"jetpack_shortlink":"https:\/\/wp.me\/p3jrBv-3gf","jetpack_likes_enabled":false,"_links":{"self":[{"href":"https:\/\/federacioncantabradehipica.com\/web\/index.php?rest_route=\/wp\/v2\/posts\/12539","targetHints":{"allow":["GET"]}}],"collection":[{"href":"https:\/\/federacioncantabradehipica.com\/web\/index.php?rest_route=\/wp\/v2\/posts"}],"about":[{"href":"https:\/\/federacioncantabradehipica.com\/web\/index.php?rest_route=\/wp\/v2\/types\/post"}],"author":[{"embeddable":true,"href":"https:\/\/federacioncantabradehipica.com\/web\/index.php?rest_route=\/wp\/v2\/users\/1"}],"replies":[{"embeddable":true,"href":"https:\/\/federacioncantabradehipica.com\/web\/index.php?rest_route=%2Fwp%2Fv2%2Fcomments&post=12539"}],"version-history":[{"count":10,"href":"https:\/\/federacioncantabradehipica.com\/web\/index.php?rest_route=\/wp\/v2\/posts\/12539\/revisions"}],"predecessor-version":[{"id":12542,"href":"https:\/\/federacioncantabradehipica.com\/web\/index.php?rest_route=\/wp\/v2\/posts\/12539\/revisions\/12542"}],"wp:featuredmedia":[{"embeddable":true,"href":"https:\/\/federacioncantabradehipica.com\/web\/index.php?rest_route=\/wp\/v2\/media\/12540"}],"wp:attachment":[{"href":"https:\/\/federacioncantabradehipica.com\/web\/index.php?rest_route=%2Fwp%2Fv2%2Fmedia&parent=12539"}],"wp:term":[{"taxonomy":"category","embeddable":true,"href":"https:\/\/federacioncantabradehipica.com\/web\/index.php?rest_route=%2Fwp%2Fv2%2Fcategories&post=12539"},{"taxonomy":"post_tag","embeddable":true,"href":"https:\/\/federacioncantabradehipica.com\/web\/index.php?rest_route=%2Fwp%2Fv2%2Ftags&post=12539"}],"curies":[{"name":"wp","href":"https:\/\/api.w.org\/{rel}","templated":true}]}}