{"id":12620,"date":"2026-03-08T11:21:16","date_gmt":"2026-03-08T10:21:16","guid":{"rendered":"https:\/\/federacioncantabradehipica.com\/web\/?p=12620"},"modified":"2026-03-08T11:21:16","modified_gmt":"2026-03-08T10:21:16","slug":"anbe-fotos-una-decada-inmortalizando-la-hipica-cantabra","status":"publish","type":"post","link":"https:\/\/federacioncantabradehipica.com\/web\/?p=12620","title":{"rendered":"ANBE Fotos, una d\u00e9cada inmortalizando la h\u00edpica c\u00e1ntabra"},"content":{"rendered":"<p>Durante m\u00e1s de una d\u00e9cada, ANBE Fotos ha sido un pilar fundamental en la h\u00edpica c\u00e1ntabra. A trav\u00e9s de sus c\u00e1maras han sabido capturar momentos \u00fanicos en nuestras competiciones, dejando un recuerdo imborrable para muchas generaciones de deportistas.<!--more--><\/p>\n<p>Sus fotograf\u00edas han acompa\u00f1ado a jinetes y amazonas en pistas de toda Cantabria y del norte de Espa\u00f1a, inmortalizando esfuerzos, victorias y tambi\u00e9n esos peque\u00f1os momentos que hacen grande nuestro deporte.<\/p>\n<p>Desde la Federaci\u00f3n C\u00e1ntabra de H\u00edpica queremos agradecer especialmente a Beni Cuero y Andr\u00e9s D\u00edaz Cuero su constante colaboraci\u00f3n con nuestra Federaci\u00f3n, adem\u00e1s de su gran compromiso y dedicaci\u00f3n con nuestro deporte durante todos estos a\u00f1os.<\/p>\n<p>Beni fue tambi\u00e9n fot\u00f3grafa colaboradora de la @revistaecuestre en su etapa en papel, permitiendo que la h\u00edpica c\u00e1ntabra tuviera una gran presencia cada mes en la secci\u00f3n de h\u00edpica regional de la revista de mayor tirada nacional, antes de su transici\u00f3n al formato 100% digital.<\/p>\n<p>Gracias por todo este tiempo detr\u00e1s del objetivo, ayudando a contar la historia de nuestra h\u00edpica. \u00a1Os echaremos de menos en las pistas!<\/p>\n","protected":false},"excerpt":{"rendered":"<p>Durante m\u00e1s de una d\u00e9cada, ANBE Fotos ha sido un pilar fundamental en la h\u00edpica c\u00e1ntabra. A trav\u00e9s de sus c\u00e1maras han sabido capturar momentos \u00fanicos en nuestras competiciones, dejando un recuerdo imborrable para muchas generaciones de deportistas.<\/p>\n","protected":false},"author":1,"featured_media":12621,"comment_status":"closed","ping_status":"closed","sticky":false,"template":"","format":"standard","meta":{"kt_blocks_editor_width":"","_jetpack_memberships_contains_paid_content":false,"footnotes":"","jetpack_publicize_message":"\ud83d\udcf7 ANBE Fotos, una d\u00e9cada inmortalizando la h\u00edpica c\u00e1ntabra","jetpack_publicize_feature_enabled":true,"jetpack_social_post_already_shared":true,"jetpack_social_options":{"image_generator_settings":{"template":"highway","default_image_id":0,"font":"","enabled":false},"version":2}},"categories":[6],"tags":[],"class_list":["post-12620","post","type-post","status-publish","format-standard","has-post-thumbnail","hentry","category-noticias"],"jetpack_publicize_connections":[],"jetpack_featured_media_url":"https:\/\/i0.wp.com\/federacioncantabradehipica.com\/web\/wp-content\/uploads\/2026\/03\/WhatsApp-Image-2026-02-28-at-20.49.59.jpeg?fit=1072%2C798&ssl=1","jetpack_sharing_enabled":true,"jetpack_shortlink":"https:\/\/wp.me\/p3jrBv-3hy","jetpack_likes_enabled":false,"_links":{"self":[{"href":"https:\/\/federacioncantabradehipica.com\/web\/index.php?rest_route=\/wp\/v2\/posts\/12620","targetHints":{"allow":["GET"]}}],"collection":[{"href":"https:\/\/federacioncantabradehipica.com\/web\/index.php?rest_route=\/wp\/v2\/posts"}],"about":[{"href":"https:\/\/federacioncantabradehipica.com\/web\/index.php?rest_route=\/wp\/v2\/types\/post"}],"author":[{"embeddable":true,"href":"https:\/\/federacioncantabradehipica.com\/web\/index.php?rest_route=\/wp\/v2\/users\/1"}],"replies":[{"embeddable":true,"href":"https:\/\/federacioncantabradehipica.com\/web\/index.php?rest_route=%2Fwp%2Fv2%2Fcomments&post=12620"}],"version-history":[{"count":1,"href":"https:\/\/federacioncantabradehipica.com\/web\/index.php?rest_route=\/wp\/v2\/posts\/12620\/revisions"}],"predecessor-version":[{"id":12622,"href":"https:\/\/federacioncantabradehipica.com\/web\/index.php?rest_route=\/wp\/v2\/posts\/12620\/revisions\/12622"}],"wp:featuredmedia":[{"embeddable":true,"href":"https:\/\/federacioncantabradehipica.com\/web\/index.php?rest_route=\/wp\/v2\/media\/12621"}],"wp:attachment":[{"href":"https:\/\/federacioncantabradehipica.com\/web\/index.php?rest_route=%2Fwp%2Fv2%2Fmedia&parent=12620"}],"wp:term":[{"taxonomy":"category","embeddable":true,"href":"https:\/\/federacioncantabradehipica.com\/web\/index.php?rest_route=%2Fwp%2Fv2%2Fcategories&post=12620"},{"taxonomy":"post_tag","embeddable":true,"href":"https:\/\/federacioncantabradehipica.com\/web\/index.php?rest_route=%2Fwp%2Fv2%2Ftags&post=12620"}],"curies":[{"name":"wp","href":"https:\/\/api.w.org\/{rel}","templated":true}]}}