{"id":1309,"date":"2013-09-02T09:42:04","date_gmt":"2013-09-02T07:42:04","guid":{"rendered":"http:\/\/federacioncantabradehipica.com\/web\/?p=1309"},"modified":"2013-09-02T09:49:54","modified_gmt":"2013-09-02T07:49:54","slug":"mikel-velasco-ganador-del-gran-premio-ayuntamiento-de-laredo","status":"publish","type":"post","link":"https:\/\/federacioncantabradehipica.com\/web\/?p=1309","title":{"rendered":"Mikel Velasco, ganador del Gran Premio Ayuntamiento de Laredo."},"content":{"rendered":"<p style=\"text-align: center;\">El c\u00e1ntabro Sa\u00fal Guti\u00e9rrez Ot\u00ed gan\u00f3 la prueba de 1.20 metros<br \/>\n<!--more--><\/p>\n<p style=\"text-align: justify;\">Finaliz\u00f3 el \u00faltimo Concurso de Saltos Nacional programado en la temporada 2013 del calendario de salto de la Federaci\u00f3n C\u00e1ntabra de H\u00edpica. <strong>Mikel Velasco<\/strong> con &#8216;Cannon&#8217; logr\u00f3 el mejor tiempo en el desempate del Gran Premio Ayuntamiento de Laredo con &#8216;Cannon&#8217;, seguido del jinete c\u00e1ntabro <strong>Borja Villal\u00f3n<\/strong> con &#8216;Quintus&#8217; -con qui\u00e9n gan\u00f3 en la jornada del viernes- y tercero, <strong>Tobias Hanke<\/strong> con &#8216;Balou Rouge&#8217;.<\/p>\n<p style=\"text-align: justify;\">En la prueba de 1.20 metros, victoria del jinete c\u00e1ntabro <strong>Sa\u00fal Guti\u00e9rrez Ot\u00ed<\/strong> con &#8216;Dime de Goz\u00f3n&#8217; seguido de \u00a0<strong>Guillermo Gonz\u00e1lez Eguinoa<\/strong> que ocup\u00f3 la segunda y tercera posici\u00f3n con &#8216;Valdelamadre Brooklyn&#8217; y &#8216;Laoui&#8217;<\/p>\n<p style=\"text-align: justify;\">En Grupo V (1.10m), nueva victoria para la amzona de Equus Liencres, Mar\u00eda Le\u00f3n con &#8216;Black Beauty&#8217;, seguido de <strong>Felipe Villanueva<\/strong> con &#8216;\u00danico&#8217; y <strong>Monica Velasco<\/strong> con &#8216;Keops&#8217;.<\/p>\n<p style=\"text-align: justify;\">Las pr\u00f3ximas citas en el calendario de salto de la Federaci\u00f3n C\u00e1ntabra de H\u00edpica ser\u00e1 el Campeonato de Cantabria en el Centro H\u00edpico Laredo y la recta final de la Liga C\u00e1ntabra de Salto en el Centro H\u00edpico El Bocal y en el Centro H\u00edpico Mogro.<\/p>\n<ul>\n<li><a href=\"http:\/\/federacioncantabradehipica.com\/web\/?p=105\">RESULTADOS<\/a><\/li>\n<li><a href=\"https:\/\/www.facebook.com\/media\/set\/?set=a.580690755300324.1073741919.505823252787075&amp;type=1&amp;l=bc356d86fa\">FOTOGRAF\u00cdAS DE LA ENTREGA DE PREMIOS<\/a><\/li>\n<\/ul>\n<p style=\"text-align: right;\">Pablo Lanza \/ FCH<br \/>\nFoto: Beni Cuero \/ FCH<\/p>\n","protected":false},"excerpt":{"rendered":"<p>El c\u00e1ntabro Sa\u00fal Guti\u00e9rrez Ot\u00ed gan\u00f3 la prueba de 1.20 metros<\/p>\n","protected":false},"author":1,"featured_media":1313,"comment_status":"closed","ping_status":"closed","sticky":false,"template":"","format":"standard","meta":{"kt_blocks_editor_width":"","_jetpack_memberships_contains_paid_content":false,"footnotes":"","jetpack_publicize_message":"","jetpack_publicize_feature_enabled":true,"jetpack_social_post_already_shared":false,"jetpack_social_options":{"image_generator_settings":{"template":"highway","default_image_id":0,"font":"","enabled":false},"version":2}},"categories":[6],"tags":[],"class_list":["post-1309","post","type-post","status-publish","format-standard","has-post-thumbnail","hentry","category-noticias"],"jetpack_publicize_connections":[],"jetpack_featured_media_url":"https:\/\/i0.wp.com\/federacioncantabradehipica.com\/web\/wp-content\/uploads\/2013\/09\/MIKEL_VELASCO_HIPICA_LAREDO.jpg?fit=960%2C635&ssl=1","jetpack_sharing_enabled":true,"jetpack_shortlink":"https:\/\/wp.me\/p3jrBv-l7","jetpack_likes_enabled":false,"_links":{"self":[{"href":"https:\/\/federacioncantabradehipica.com\/web\/index.php?rest_route=\/wp\/v2\/posts\/1309","targetHints":{"allow":["GET"]}}],"collection":[{"href":"https:\/\/federacioncantabradehipica.com\/web\/index.php?rest_route=\/wp\/v2\/posts"}],"about":[{"href":"https:\/\/federacioncantabradehipica.com\/web\/index.php?rest_route=\/wp\/v2\/types\/post"}],"author":[{"embeddable":true,"href":"https:\/\/federacioncantabradehipica.com\/web\/index.php?rest_route=\/wp\/v2\/users\/1"}],"replies":[{"embeddable":true,"href":"https:\/\/federacioncantabradehipica.com\/web\/index.php?rest_route=%2Fwp%2Fv2%2Fcomments&post=1309"}],"version-history":[{"count":3,"href":"https:\/\/federacioncantabradehipica.com\/web\/index.php?rest_route=\/wp\/v2\/posts\/1309\/revisions"}],"predecessor-version":[{"id":1312,"href":"https:\/\/federacioncantabradehipica.com\/web\/index.php?rest_route=\/wp\/v2\/posts\/1309\/revisions\/1312"}],"wp:featuredmedia":[{"embeddable":true,"href":"https:\/\/federacioncantabradehipica.com\/web\/index.php?rest_route=\/wp\/v2\/media\/1313"}],"wp:attachment":[{"href":"https:\/\/federacioncantabradehipica.com\/web\/index.php?rest_route=%2Fwp%2Fv2%2Fmedia&parent=1309"}],"wp:term":[{"taxonomy":"category","embeddable":true,"href":"https:\/\/federacioncantabradehipica.com\/web\/index.php?rest_route=%2Fwp%2Fv2%2Fcategories&post=1309"},{"taxonomy":"post_tag","embeddable":true,"href":"https:\/\/federacioncantabradehipica.com\/web\/index.php?rest_route=%2Fwp%2Fv2%2Ftags&post=1309"}],"curies":[{"name":"wp","href":"https:\/\/api.w.org\/{rel}","templated":true}]}}