{"id":1354,"date":"2013-09-15T19:35:45","date_gmt":"2013-09-15T17:35:45","guid":{"rendered":"http:\/\/federacioncantabradehipica.com\/web\/?p=1354"},"modified":"2013-09-15T19:52:29","modified_gmt":"2013-09-15T17:52:29","slug":"se-celebro-en-el-ch-laredo-el-campeonato-cantabria-de-doma-clasica","status":"publish","type":"post","link":"https:\/\/federacioncantabradehipica.com\/web\/?p=1354","title":{"rendered":"Se celebr\u00f3 en el CH Laredo el Campeonato Cantabria de Doma Cl\u00e1sica"},"content":{"rendered":"<p style=\"text-align: center;\">Elisa Schoenlein, Aitana G\u00f3mez, Naia Alonso, Noibe Guti\u00e9rrez y Verena Christmann son los Campeones de Cantabria 2013 en las diferentes categor\u00edas.<\/p>\n<p style=\"text-align: center;\"><!--more--><\/p>\n<p style=\"text-align: left;\">El <strong>Campeonato Cantabria de Doma Cl\u00e1sica<\/strong> 2013 se celebr\u00f3 durante este fin de semana en las instalaciones del <strong>Centro H\u00edpico Laredo<\/strong>, en donde tambi\u00e9n se celebrar\u00e1 el de salto dentro de unas semanas.<\/p>\n<p style=\"text-align: left;\">En la categor\u00eda de &#8216;potros de cuatro a\u00f1os&#8217;, <strong>Elisa Mar\u00eda Schoenlein Jaurena<\/strong> con &#8216;Highlander&#8217; logr\u00f3 la medalla de oro mientras que, <strong>Aitana G\u00f3mez Guti\u00e9rrez<\/strong> con &#8216;Bambi&#8217; consigui\u00f3 el campeonato en la categor\u00eda de promoci\u00f3n &#8216;asiento y posici\u00f3n&#8217;.<\/p>\n<figure class=\"thumbnail wp-caption aligncenter\" style=\"width: 323px\"><img data-recalc-dims=\"1\" loading=\"lazy\" decoding=\"async\" class=\"  \" alt=\"\" src=\"https:\/\/i0.wp.com\/fbcdn-sphotos-g-a.akamaihd.net\/hphotos-ak-frc3\/971610_587175497985183_183105212_n.jpg?resize=323%2C242&#038;ssl=1\" width=\"323\" height=\"242\" \/><figcaption class=\"caption wp-caption-text\">Foto de familia de los ganadores<\/figcaption><\/figure>\n<p style=\"text-align: justify;\">En la prueba de alevines, la medalla de oro fue para <strong>Naia Alonso Isasi<\/strong> con &#8216;Casper&#8217;, despu\u00e9s de lograr la mejor puntuaci\u00f3n durante las dos jornadas del Campeonato. La medalla de plata la consigui\u00f3 <strong>Rafaela Bailly-Bailliere Mendiondo<\/strong> con &#8216;Bambi&#8217; y la de bronce <strong>Marina L\u00f3pez Fern\u00e1ndez<\/strong> con &#8216;Cleopatra&#8217;. En la categor\u00eda de infantiles preliminar, <strong>Noibe Guti\u00e9rrez L\u00f3pez<\/strong> con &#8216;Kiss Me Darling&#8217; logr\u00f3 la medalla de oro, seguida de <strong>Blanca Gonz\u00e1lez Basurco<\/strong> con &#8216;Harkaway Inca&#8217; y <strong>Carla Guti\u00e9rrez \u00c1lvarez<\/strong> con &#8216;Rayo&#8217; logr\u00f3 la medalla de bronce.<\/p>\n<p style=\"text-align: justify;\">En la categor\u00eda de &#8216;j\u00f3venes jinetes&#8217;, la medalla de oro fue para la amazona del Centro H\u00edpico Laredo, <strong>Verena Christmann<\/strong> con &#8216;Claire 91&#8217; y <strong>Jos\u00e9 Mar\u00eda de Mazarrasa Y de la Torre<\/strong> logr\u00f3 la de plata con &#8216;Tanos&#8217;. Las jueces del concurso fueron <strong>Yolanda Rama Romero<\/strong> y <strong>Naiara Castro Merino.<\/strong><\/p>\n<p style=\"text-align: justify;\"><span style=\"text-decoration: underline;\"><strong>LIGA DE DOMA CL\u00c1SICA 2013.<\/strong><\/span><\/p>\n<p style=\"text-align: justify;\">La Liga de Doma Cl\u00e1sica 2013 lleg\u00f3 a su punto y final tras su \u00faltima sede que se celebr\u00f3 en el Centro H\u00edpico Laredo junto con el Campeonato de Cantabria. La competici\u00f3n ha contado con un total de cinco sedes, tres en Laredo junto con la Solorga y Santib\u00e1\u00f1ez.<\/p>\n<ul>\n<li style=\"text-align: justify;\"><a href=\"https:\/\/www.facebook.com\/media\/set\/?set=a.586773578025375.1073741921.505823252787075&amp;type=1&amp;l=54ff5b86ea\">Fotograf\u00edas<\/a><\/li>\n<li><a href=\"http:\/\/federacioncantabradehipica.com\/web\/?p=141\">Resultados<\/a><\/li>\n<\/ul>\n<p style=\"text-align: right;\">Pablo Lanza \/ F.C.H<br \/>\nFotos: Victor Pulito \/ F.C.H<\/p>\n","protected":false},"excerpt":{"rendered":"<p>Elisa Schoenlein, Aitana G\u00f3mez, Naia Alonso, Noibe Guti\u00e9rrez y Verena Christmann son los Campeones de Cantabria 2013 en las diferentes categor\u00edas.<\/p>\n","protected":false},"author":1,"featured_media":1355,"comment_status":"closed","ping_status":"closed","sticky":false,"template":"","format":"standard","meta":{"kt_blocks_editor_width":"","_jetpack_memberships_contains_paid_content":false,"footnotes":"","jetpack_publicize_message":"","jetpack_publicize_feature_enabled":true,"jetpack_social_post_already_shared":false,"jetpack_social_options":{"image_generator_settings":{"template":"highway","default_image_id":0,"font":"","enabled":false},"version":2}},"categories":[6],"tags":[],"class_list":["post-1354","post","type-post","status-publish","format-standard","has-post-thumbnail","hentry","category-noticias"],"jetpack_publicize_connections":[],"jetpack_featured_media_url":"https:\/\/i0.wp.com\/federacioncantabradehipica.com\/web\/wp-content\/uploads\/2013\/09\/medallas_campeonato_cantabria_hipica.jpg?fit=960%2C721&ssl=1","jetpack_sharing_enabled":true,"jetpack_shortlink":"https:\/\/wp.me\/p3jrBv-lQ","jetpack_likes_enabled":false,"_links":{"self":[{"href":"https:\/\/federacioncantabradehipica.com\/web\/index.php?rest_route=\/wp\/v2\/posts\/1354","targetHints":{"allow":["GET"]}}],"collection":[{"href":"https:\/\/federacioncantabradehipica.com\/web\/index.php?rest_route=\/wp\/v2\/posts"}],"about":[{"href":"https:\/\/federacioncantabradehipica.com\/web\/index.php?rest_route=\/wp\/v2\/types\/post"}],"author":[{"embeddable":true,"href":"https:\/\/federacioncantabradehipica.com\/web\/index.php?rest_route=\/wp\/v2\/users\/1"}],"replies":[{"embeddable":true,"href":"https:\/\/federacioncantabradehipica.com\/web\/index.php?rest_route=%2Fwp%2Fv2%2Fcomments&post=1354"}],"version-history":[{"count":8,"href":"https:\/\/federacioncantabradehipica.com\/web\/index.php?rest_route=\/wp\/v2\/posts\/1354\/revisions"}],"predecessor-version":[{"id":1364,"href":"https:\/\/federacioncantabradehipica.com\/web\/index.php?rest_route=\/wp\/v2\/posts\/1354\/revisions\/1364"}],"wp:featuredmedia":[{"embeddable":true,"href":"https:\/\/federacioncantabradehipica.com\/web\/index.php?rest_route=\/wp\/v2\/media\/1355"}],"wp:attachment":[{"href":"https:\/\/federacioncantabradehipica.com\/web\/index.php?rest_route=%2Fwp%2Fv2%2Fmedia&parent=1354"}],"wp:term":[{"taxonomy":"category","embeddable":true,"href":"https:\/\/federacioncantabradehipica.com\/web\/index.php?rest_route=%2Fwp%2Fv2%2Fcategories&post=1354"},{"taxonomy":"post_tag","embeddable":true,"href":"https:\/\/federacioncantabradehipica.com\/web\/index.php?rest_route=%2Fwp%2Fv2%2Ftags&post=1354"}],"curies":[{"name":"wp","href":"https:\/\/api.w.org\/{rel}","templated":true}]}}