{"id":1373,"date":"2013-09-22T19:44:36","date_gmt":"2013-09-22T17:44:36","guid":{"rendered":"http:\/\/federacioncantabradehipica.com\/web\/?p=1373"},"modified":"2013-09-22T19:45:02","modified_gmt":"2013-09-22T17:45:02","slug":"se-celebro-el-campeonato-cantabria-de-raid-2013-en-treto","status":"publish","type":"post","link":"https:\/\/federacioncantabradehipica.com\/web\/?p=1373","title":{"rendered":"Se celebr\u00f3 el Campeonato Cantabria de Raid 2013 en Treto."},"content":{"rendered":"<div>\n<div style=\"text-align: justify;\">\n<p style=\"text-align: center;\">Se celebr\u00f3 el Campeonato Cantabria de Raid 2013 en Treto.<!--more--><\/p>\n<p>En la categor\u00eda de promoci\u00f3n <strong>Cesar Gonz\u00e1lez Clemente<\/strong> logr\u00f3 la medalla de oro con &#8216;<strong>Patas Blancas<\/strong>&#8216;. La medalla de plata fue para <strong>Silvia Negrete Cubas<\/strong> con &#8216;<strong>Suspiritos<\/strong>&#8216; y la de bronce para <strong>Raul Aguirre<\/strong> con &#8216;<strong>Zapatero de Se\u00f1a<\/strong>&#8216;.<\/p>\n<p>En la categor\u00eda absoluta (82 kil\u00f3metros) la primera posici\u00f3n la logr\u00f3 <strong>Pedro Negrete Cavadas<\/strong> con &#8216;IK Beauty&#8217;, la segunda para nuestro &#8216;presi&#8217; <strong>Roberto Laherr\u00e1n<\/strong> con &#8216;Omali&#8217; y tercero <strong>Francisco Javier Santiago Toca<\/strong> con &#8216;Rof-Manis&#8217;.<\/p>\n<p><em>En la fotograf\u00eda, Cesar Gonz\u00e1lez Clemente y Silvia Negrete Cubas.<\/em><\/p>\n<\/div>\n<p>&nbsp;<\/p>\n<\/div>\n<div><\/div>\n","protected":false},"excerpt":{"rendered":"<p>Se celebr\u00f3 el Campeonato Cantabria de Raid 2013 en Treto.<\/p>\n","protected":false},"author":1,"featured_media":1374,"comment_status":"closed","ping_status":"closed","sticky":false,"template":"","format":"standard","meta":{"kt_blocks_editor_width":"","_jetpack_memberships_contains_paid_content":false,"footnotes":"","jetpack_publicize_message":"","jetpack_publicize_feature_enabled":true,"jetpack_social_post_already_shared":false,"jetpack_social_options":{"image_generator_settings":{"template":"highway","default_image_id":0,"font":"","enabled":false},"version":2}},"categories":[6],"tags":[],"class_list":["post-1373","post","type-post","status-publish","format-standard","has-post-thumbnail","hentry","category-noticias"],"jetpack_publicize_connections":[],"jetpack_featured_media_url":"https:\/\/i0.wp.com\/federacioncantabradehipica.com\/web\/wp-content\/uploads\/2013\/09\/IMG-20130922-WA0001.jpg?fit=800%2C598&ssl=1","jetpack_sharing_enabled":true,"jetpack_shortlink":"https:\/\/wp.me\/p3jrBv-m9","jetpack_likes_enabled":false,"_links":{"self":[{"href":"https:\/\/federacioncantabradehipica.com\/web\/index.php?rest_route=\/wp\/v2\/posts\/1373","targetHints":{"allow":["GET"]}}],"collection":[{"href":"https:\/\/federacioncantabradehipica.com\/web\/index.php?rest_route=\/wp\/v2\/posts"}],"about":[{"href":"https:\/\/federacioncantabradehipica.com\/web\/index.php?rest_route=\/wp\/v2\/types\/post"}],"author":[{"embeddable":true,"href":"https:\/\/federacioncantabradehipica.com\/web\/index.php?rest_route=\/wp\/v2\/users\/1"}],"replies":[{"embeddable":true,"href":"https:\/\/federacioncantabradehipica.com\/web\/index.php?rest_route=%2Fwp%2Fv2%2Fcomments&post=1373"}],"version-history":[{"count":2,"href":"https:\/\/federacioncantabradehipica.com\/web\/index.php?rest_route=\/wp\/v2\/posts\/1373\/revisions"}],"predecessor-version":[{"id":1376,"href":"https:\/\/federacioncantabradehipica.com\/web\/index.php?rest_route=\/wp\/v2\/posts\/1373\/revisions\/1376"}],"wp:featuredmedia":[{"embeddable":true,"href":"https:\/\/federacioncantabradehipica.com\/web\/index.php?rest_route=\/wp\/v2\/media\/1374"}],"wp:attachment":[{"href":"https:\/\/federacioncantabradehipica.com\/web\/index.php?rest_route=%2Fwp%2Fv2%2Fmedia&parent=1373"}],"wp:term":[{"taxonomy":"category","embeddable":true,"href":"https:\/\/federacioncantabradehipica.com\/web\/index.php?rest_route=%2Fwp%2Fv2%2Fcategories&post=1373"},{"taxonomy":"post_tag","embeddable":true,"href":"https:\/\/federacioncantabradehipica.com\/web\/index.php?rest_route=%2Fwp%2Fv2%2Ftags&post=1373"}],"curies":[{"name":"wp","href":"https:\/\/api.w.org\/{rel}","templated":true}]}}