{"id":1377,"date":"2013-09-22T19:47:46","date_gmt":"2013-09-22T17:47:46","guid":{"rendered":"http:\/\/federacioncantabradehipica.com\/web\/?p=1377"},"modified":"2013-09-23T16:56:43","modified_gmt":"2013-09-23T14:56:43","slug":"la-liga-cantabra-de-salto-continuo-en-el-bocal","status":"publish","type":"post","link":"https:\/\/federacioncantabradehipica.com\/web\/?p=1377","title":{"rendered":"La Liga C\u00e1ntabra de Salto continu\u00f3 en El Bocal"},"content":{"rendered":"<p style=\"text-align: center;\">70 salidas a pista en el &#8216;regreso&#8217; de la Liga C\u00e1ntabra de Salto al Centro H\u00edpico El Bocal<!--more--><\/p>\n<p>Tras el par\u00f3n producido por los diferentes concursos nacionales organizados durante el verano en tierras c\u00e1ntabras, el Centro H\u00edpico El Bocal de Santander acogi\u00f3 una nueva sede de la Liga C\u00e1ntabra de Salto 2013 que cont\u00f3 con un total de 70 salidas a pista.<\/p>\n<p>En la primera prueba de la jornada, la de \u00abcruzadas\u00bb, <strong>Evelyn Saiz Marquez<\/strong> logr\u00f3 el mejor tiempo con \u00abCinderella 463\u00bb, seguida de la amazona del Centro H\u00edpico El Bocal,\u00a0<strong>Ana Fern\u00e1ndez de Velasco\u00a0<\/strong>con &#8216;Cuco&#8217; y tercera <strong>Mar\u00eda Gonz\u00e1lez<\/strong> con &#8216;Elvis&#8217;. En la prueba de 0.60 metros, victoria para el jinete c\u00e1ntabro <strong>Cesar Alonso Vidal de la Pe\u00f1a<\/strong> con &#8216;Carlitos&#8217;, segunda finaliz\u00f3 <strong>Cecilia Su\u00e1rez<\/strong> con &#8216;Estela&#8217; y tercera <strong>Victoria Alonso Vidal de la Pe\u00f1a<\/strong>\u00a0con &#8216;Carlitos&#8217;.\u00a0En la prueba de 0.90 metros, con 22 salidas a pista, la victoria fue para <strong>Ana Fern\u00e1ndez de Velasco<\/strong> con el veterano &#8216;Eole D`Arbaz&#8217;, segundo termin\u00f3 <strong>Cesar Alonso<\/strong> con &#8216;Salm\u00f3n Omelette&#8217; y tercero <strong>Robin Alonso Ten Zeldam<\/strong> con &#8216;Vega de San Tirso&#8217;.<\/p>\n<p>En la prueba de altura 1.10 metros, repiti\u00f3 triunfo <strong>Ana Fern\u00e1ndez de Velasco <\/strong>con &#8216;Eole D`Arbaz&#8217;, segunda termin\u00f3 <strong>Paula Rold\u00e1n Aguado<\/strong> con &#8216;Contigo de G\u00fcemes&#8217; y tercero <strong>Luis Ceano-Vivas Pradal<\/strong> con &#8216;Dante de Ruyco&#8217;. En la prueba grande de la jornada (1.20m) el triunfo fue para <strong>Melania Bustamante Oceja<\/strong> con &#8216;Miss Jolanda&#8217;, segunda termin\u00f3 <strong>Laura Junquera Bedia<\/strong>\u00a0y tercera <strong>Manuel Guill\u00e9n<\/strong> con &#8216;Veroney de Wallyro&#8217;.\u00a0La Liga de Salto continuar\u00e1 el 12 de octubre en el Centro H\u00edpico Mogro.<\/p>\n<ul>\n<li><a href=\"http:\/\/federacioncantabradehipica.com\/web\/?p=339\">Resultados y clasificaci\u00f3n provisional<\/a><\/li>\n<\/ul>\n<p style=\"text-align: right;\">Pablo Lanza \/ F.C.H<\/p>\n","protected":false},"excerpt":{"rendered":"<p>70 salidas a pista en el &#8216;regreso&#8217; de la Liga C\u00e1ntabra de Salto al Centro H\u00edpico El Bocal<\/p>\n","protected":false},"author":1,"featured_media":1378,"comment_status":"closed","ping_status":"closed","sticky":false,"template":"","format":"standard","meta":{"kt_blocks_editor_width":"","_jetpack_memberships_contains_paid_content":false,"footnotes":"","jetpack_publicize_message":"","jetpack_publicize_feature_enabled":true,"jetpack_social_post_already_shared":false,"jetpack_social_options":{"image_generator_settings":{"template":"highway","default_image_id":0,"font":"","enabled":false},"version":2}},"categories":[6],"tags":[],"class_list":["post-1377","post","type-post","status-publish","format-standard","has-post-thumbnail","hentry","category-noticias"],"jetpack_publicize_connections":[],"jetpack_featured_media_url":"https:\/\/i0.wp.com\/federacioncantabradehipica.com\/web\/wp-content\/uploads\/2013\/09\/150995_589843524385047_1953438926_n.jpg?fit=960%2C720&ssl=1","jetpack_sharing_enabled":true,"jetpack_shortlink":"https:\/\/wp.me\/p3jrBv-md","jetpack_likes_enabled":false,"_links":{"self":[{"href":"https:\/\/federacioncantabradehipica.com\/web\/index.php?rest_route=\/wp\/v2\/posts\/1377","targetHints":{"allow":["GET"]}}],"collection":[{"href":"https:\/\/federacioncantabradehipica.com\/web\/index.php?rest_route=\/wp\/v2\/posts"}],"about":[{"href":"https:\/\/federacioncantabradehipica.com\/web\/index.php?rest_route=\/wp\/v2\/types\/post"}],"author":[{"embeddable":true,"href":"https:\/\/federacioncantabradehipica.com\/web\/index.php?rest_route=\/wp\/v2\/users\/1"}],"replies":[{"embeddable":true,"href":"https:\/\/federacioncantabradehipica.com\/web\/index.php?rest_route=%2Fwp%2Fv2%2Fcomments&post=1377"}],"version-history":[{"count":7,"href":"https:\/\/federacioncantabradehipica.com\/web\/index.php?rest_route=\/wp\/v2\/posts\/1377\/revisions"}],"predecessor-version":[{"id":1405,"href":"https:\/\/federacioncantabradehipica.com\/web\/index.php?rest_route=\/wp\/v2\/posts\/1377\/revisions\/1405"}],"wp:featuredmedia":[{"embeddable":true,"href":"https:\/\/federacioncantabradehipica.com\/web\/index.php?rest_route=\/wp\/v2\/media\/1378"}],"wp:attachment":[{"href":"https:\/\/federacioncantabradehipica.com\/web\/index.php?rest_route=%2Fwp%2Fv2%2Fmedia&parent=1377"}],"wp:term":[{"taxonomy":"category","embeddable":true,"href":"https:\/\/federacioncantabradehipica.com\/web\/index.php?rest_route=%2Fwp%2Fv2%2Fcategories&post=1377"},{"taxonomy":"post_tag","embeddable":true,"href":"https:\/\/federacioncantabradehipica.com\/web\/index.php?rest_route=%2Fwp%2Fv2%2Ftags&post=1377"}],"curies":[{"name":"wp","href":"https:\/\/api.w.org\/{rel}","templated":true}]}}