{"id":1426,"date":"2013-09-28T14:29:27","date_gmt":"2013-09-28T12:29:27","guid":{"rendered":"http:\/\/federacioncantabradehipica.com\/web\/?p=1426"},"modified":"2013-09-29T20:55:22","modified_gmt":"2013-09-29T18:55:22","slug":"comienza-el-campeonato-cantabria-de-salto-en-el-ch-laredo","status":"publish","type":"post","link":"https:\/\/federacioncantabradehipica.com\/web\/?p=1426","title":{"rendered":"Cantabria ya conoce a sus Campeones de Salto"},"content":{"rendered":"<p style=\"text-align: center;\">El Campeonato de Cantabria de Salto de Obst\u00e1culos se celebr\u00f3 en el Centro H\u00edpico Laredo.<br \/>\n<!--more--><\/p>\n<p>Al igual que en las ediciones pasadas, el <strong>Centro H\u00edpico Laredo<\/strong> acogi\u00f3 el Campeonato Cantabria de Salto de Obst\u00e1culos 2013, en la categor\u00eda de <strong>promoci\u00f3n<\/strong> un total de quince binomios lucharon hasta la \u00faltima jornada por entrar en el podio, logrando la medalla de oro,\u00a0<strong>Cayetana Quevedo<\/strong> con &#8216;Loretoki Semacar&#8217;, la de medalla de plata\u00a0<strong>Ana Mart\u00ednez<\/strong>\u00a0con Bravo y la de bronce,\u00a0<strong>Lidia Fern\u00e1ndez<\/strong> con &#8216;Dorada&#8217;.<\/p>\n<p>En la categor\u00eda <strong>alev\u00edn,<\/strong> dominio absoluto desde la primera calificativa del viernes de la amazona del Centro H\u00edpico El Bocal, <strong>Ana Fern\u00e1ndez de Velasco<\/strong> con Eole D&#8217; Arbaz. La medalla de plata fue para <strong>Marta Morlote<\/strong> con &#8216;Jingle D&#8217;Elo&#8217; y de bronce para <strong>Evelyn Saiz<\/strong> con &#8216;Vega de San Tirso&#8217;.\u00a0<strong>Sof\u00eda Asenjo<\/strong> con &#8216;Dollander&#8217; logr\u00f3 la medalla de oro en el categor\u00eda infantil, <strong>Mar\u00eda Le\u00f3n<\/strong> con &#8216;Black Beauty&#8217; logr\u00f3 la medalla de plata y <strong>Paula D\u00edez<\/strong> con &#8216;Argentina de Rosales&#8217;.<\/p>\n<p>En la categor\u00eda juvenil, <strong>Ricardo Iglesias <\/strong>con &#8216;Clisirea de Wallyro&#8217; logr\u00f3 el triunfo, seguido de <strong>Mar\u00edo Garc\u00eda<\/strong> con &#8216;Zabaleta&#8217; y <strong>Paula Cue<\/strong> con &#8216;Bruno de Salces&#8217;. En adultos, <strong>Jaime Su\u00e1rez<\/strong> se proclam\u00f3 Campe\u00f3n de Cantabria con &#8216;Extra de Ruyco&#8217;, seguido de <strong>Borja Villal\u00f3n<\/strong> con &#8216;Quintus&#8217; y <strong>Javier Cu\u00f1aro<\/strong> con &#8216;Jague de Mara&#8217;.<\/p>\n<p><strong>EL C.H MOGRO GANA POR EQUIPOS<\/strong><\/p>\n<p>El <strong>Centro H\u00edpico Mogro<\/strong>,\u00a0formado por <strong>Evelyn Saiz<\/strong>, <strong>Cesar Alonso<\/strong>, <strong>Rebeca Marcos<\/strong> y <strong>Borja Vilall\u00f3n<\/strong> lograron la Medalla de Oro por equipos en el Campeonato Cantabria 2013 por &#8216;equipos&#8217;. La Escuela de Equitaci\u00f3n\u00a0Equus Liencres logr\u00f3 la medalla de plata y de bronce, la primera con <strong>Marta Marlote<\/strong>, <strong>Sof\u00eda Asenjo<\/strong>, <strong>Mar\u00edo Garc\u00eda<\/strong> y <strong>Jaime Su\u00e1rez<\/strong>; y la segunda con <strong>Mar\u00eda Le\u00f3n<\/strong>, <strong>Victor L\u00f3pez<\/strong> y <strong>Koldo Fern\u00e1ndez<\/strong>.<\/p>\n<p><strong>LA LIGA DE SALTOS CONTINUAR\u00c1 EN MOGRO Y ROSTR\u00cdO.<\/strong><\/p>\n<p>La Liga C\u00e1ntabra de Saltos de Obst\u00e1culos 2013 llega a su recta final, la pen\u00faltima sede se celebrar\u00e1 en las instalaciones del <strong>Centro H\u00edpico Mogro<\/strong><em> (Yeguada G\u00fcemes)\u00a0<\/em>el d\u00eda 12 de octubre. La competici\u00f3n finalizar\u00e1 en el <strong>Centro H\u00edpico Rostrio<\/strong> de Santander el 20 de octubre de 2013.<\/p>\n<ul>\n<li><a href=\"http:\/\/federacioncantabradehipica.com\/web\/?p=108\">Consultar resultados<\/a><\/li>\n<\/ul>\n<p style=\"text-align: right;\"><em>\u00a0Pablo Lanza \/ F.C.H<\/em><\/p>\n","protected":false},"excerpt":{"rendered":"<p>El Campeonato de Cantabria de Salto de Obst\u00e1culos se celebr\u00f3 en el Centro H\u00edpico Laredo.<\/p>\n","protected":false},"author":1,"featured_media":1441,"comment_status":"closed","ping_status":"closed","sticky":false,"template":"","format":"standard","meta":{"kt_blocks_editor_width":"","_jetpack_memberships_contains_paid_content":false,"footnotes":"","jetpack_publicize_message":"","jetpack_publicize_feature_enabled":true,"jetpack_social_post_already_shared":false,"jetpack_social_options":{"image_generator_settings":{"template":"highway","default_image_id":0,"font":"","enabled":false},"version":2}},"categories":[6],"tags":[],"class_list":["post-1426","post","type-post","status-publish","format-standard","has-post-thumbnail","hentry","category-noticias"],"jetpack_publicize_connections":[],"jetpack_featured_media_url":"https:\/\/i0.wp.com\/federacioncantabradehipica.com\/web\/wp-content\/uploads\/2013\/09\/campeonato_cantabria_salto_2013.png?fit=906%2C604&ssl=1","jetpack_sharing_enabled":true,"jetpack_shortlink":"https:\/\/wp.me\/p3jrBv-n0","jetpack_likes_enabled":false,"_links":{"self":[{"href":"https:\/\/federacioncantabradehipica.com\/web\/index.php?rest_route=\/wp\/v2\/posts\/1426","targetHints":{"allow":["GET"]}}],"collection":[{"href":"https:\/\/federacioncantabradehipica.com\/web\/index.php?rest_route=\/wp\/v2\/posts"}],"about":[{"href":"https:\/\/federacioncantabradehipica.com\/web\/index.php?rest_route=\/wp\/v2\/types\/post"}],"author":[{"embeddable":true,"href":"https:\/\/federacioncantabradehipica.com\/web\/index.php?rest_route=\/wp\/v2\/users\/1"}],"replies":[{"embeddable":true,"href":"https:\/\/federacioncantabradehipica.com\/web\/index.php?rest_route=%2Fwp%2Fv2%2Fcomments&post=1426"}],"version-history":[{"count":6,"href":"https:\/\/federacioncantabradehipica.com\/web\/index.php?rest_route=\/wp\/v2\/posts\/1426\/revisions"}],"predecessor-version":[{"id":1443,"href":"https:\/\/federacioncantabradehipica.com\/web\/index.php?rest_route=\/wp\/v2\/posts\/1426\/revisions\/1443"}],"wp:featuredmedia":[{"embeddable":true,"href":"https:\/\/federacioncantabradehipica.com\/web\/index.php?rest_route=\/wp\/v2\/media\/1441"}],"wp:attachment":[{"href":"https:\/\/federacioncantabradehipica.com\/web\/index.php?rest_route=%2Fwp%2Fv2%2Fmedia&parent=1426"}],"wp:term":[{"taxonomy":"category","embeddable":true,"href":"https:\/\/federacioncantabradehipica.com\/web\/index.php?rest_route=%2Fwp%2Fv2%2Fcategories&post=1426"},{"taxonomy":"post_tag","embeddable":true,"href":"https:\/\/federacioncantabradehipica.com\/web\/index.php?rest_route=%2Fwp%2Fv2%2Ftags&post=1426"}],"curies":[{"name":"wp","href":"https:\/\/api.w.org\/{rel}","templated":true}]}}