{"id":1652,"date":"2014-01-26T11:31:06","date_gmt":"2014-01-26T10:31:06","guid":{"rendered":"http:\/\/federacioncantabradehipica.com\/web\/?p=1652"},"modified":"2014-01-26T11:56:12","modified_gmt":"2014-01-26T10:56:12","slug":"la-xvi-gala-de-la-hipica-de-cantabria-fue-todo-un-exito","status":"publish","type":"post","link":"https:\/\/federacioncantabradehipica.com\/web\/?p=1652","title":{"rendered":"La XVI Gala de la H\u00edpica de Cantabria fue todo un \u00e9xito"},"content":{"rendered":"<p align=\"center\">Este pasado s\u00e1bado se celebr\u00f3 una nueva edici\u00f3n de la Gala de la H\u00edpica en el Hotel Sardinero de Santander que alcanz\u00f3 una cifra r\u00e9cord, con m\u00e1s de 320 personas.<!--more--><\/p>\n<p>La XVI edici\u00f3n de la Gran Cena &#8211; Gala de la H\u00edpica de Cantabria, cambi\u00f3 pro primera vez su escenario habitual, este a\u00f1o se realiz\u00f3 en el Hotel Sardinero, a donde acudieron m\u00e1s de 320 personas, cifra de r\u00e9cord que nunca antes se hab\u00eda alcanzado durante estos \u00faltimos diecis\u00e9is a\u00f1os, y\u00a0 un n\u00famero de asistencia muy superior a las Galas que se celebran en otras comunidades aut\u00f3nomas con el doble o triple de federados.<\/p>\n<p><span style=\"line-height: 1.5em;\">En el acto se premiaron a los mejores jinetes y amazonas del pasado 2013, a los campeones de Cantabria en sus respectivas categor\u00edas y disciplinas, ganadores de las Ligas de Salto y Doma Cl\u00e1sica, menciones especiales, etc.<\/span><\/p>\n<p><span style=\"line-height: 1.5em;\">El acto cont\u00f3 con la presencia del Director General de Deportes del Gobierno de Cantabria, Javier Soler, el Concejal de Deportes del Excmo. Ayuntamiento de Santander, Luis Morante, el Director del IMD Santander, Juan Dom\u00ednguez, el Alcalde del Ayuntamiento de Pi\u00e9lagos, Enrique Torre, el Concejal de Deportes del Ayuntamiento de Pi\u00e9lagos, Jos\u00e9 Carlos Carames, diferentes concejales de la corporaci\u00f3n municipal del Ayuntamiento de Arnuero, y el Subteniente de la Yeguada Militar de Ibio, Rafael \u00c1lvarez.<\/span><\/p>\n<p>Tambi\u00e9n estuvo presente el Presidente de la Federaci\u00f3n H\u00edpica de Navarra, Patxi Jim\u00e9nez, qui\u00e9n regal\u00f3 un obsequi\u00f3 a Roberto Laherr\u00e1n, presidente de la Federaci\u00f3n C\u00e1ntabra. Y como no, los jueces, t\u00e9cnicos, colaboradores de la Federaci\u00f3n C\u00e1ntabra, junto con los miembros, propietarios, presidentes y profesores de los Centros H\u00edpicos El Bocal, La Gerencia, CH Santander, CH Laredo,\u00a0 Los Robles, CE Santib\u00e1\u00f1ez, CH Rostrio, Equus Liencres, CH Solorga, CH Pisuerga, Yeguada El Pomar y Yeguada G\u00fcemes.<\/p>\n<p>La XVI edici\u00f3n Gala de la H\u00edpica de C\u00e1ntabra, fue presentada, al igual que el a\u00f1o pasado, por el periodista c\u00e1ntabro de Radio Marca, Israel D\u00edaz.<\/p>\n<p><b>GALARDONADOS<\/b><\/p>\n<p>En el Campeonato de Cantabria de Ponis, lograron las medallas, Victoria Alonso, Marta Marlote y Ana Fern\u00e1ndez de Velasco, en la categor\u00eda de Ponis A, Rub\u00e9n Guti\u00e9rrez, Juli\u00e1n Vinuesa y Marta Morlote, en Ponis B, Cesar Alonso, Patricia G\u00f3mez y Karmele Ruiz, en Ponis C, Mar\u00eda Le\u00f3n, Rob\u00edn Alonso y Cesar Alonso en Ponis D, Juli\u00e1n Vinuesa, Iris Guti\u00e9rrez, Amaia Mart\u00ednez en Ponis B2, Garazi Marquina, Elena Ruiz y Mar\u00eda Mart\u00ednez en Ponis C2, y finalmente, Karmele Ruiz, Manuel Ciri\u00f3n y Paloma Ceballos en Ponis D2.<\/p>\n<p>Por su parte, en el Campeonato de Cantabria de Concurso Completo, Juli\u00e1n Vinuesa y Garazi Marquina, lograron las primeras posiciones en la categor\u00eda de \u2018iniciaci\u00f3n, Cristina Mart\u00ednez, Garazi Marquina y Patricia G\u00f3mez, se subieron al p\u00f3dium en \u2018Promoci\u00f3n\u2019, y Christian Merino y Manuel Ciri\u00f3n, en la categor\u00eda de 0*.<\/p>\n<p>En el Raid, la medalla de oro en la prueba de promoci\u00f3n de 40 km, la logr\u00f3 Cesar Gonz\u00e1lez, seguido de Silvia Negrete y Ra\u00fal Aguirre, mientras que, en la prueba de adultos de 80 km, la victoria fue para Pedro Negrete, segundo fue Roberto Laherr\u00e1n y Francisco Santiago.<\/p>\n<p>En la disciplina, con m\u00e1s federados, la de Salto de Obst\u00e1culos, Cayetana Quevedo, Ana Mart\u00ednez y Lidia Fern\u00e1ndez consiguieron las medallas de oro, plata y bronce, respectivamente, de Promoci\u00f3n. En alevines, triunfo para Ana Fern\u00e1ndez de Velasco, Marta Morlote y Evelyn Saiz. En infantiles, Sof\u00eda Asenjo, Mar\u00eda Le\u00f3n y Paula D\u00edez. En juveniles, Ricardo Iglesias, Mario Garc\u00eda y Paula Cue, y por \u00faltimo, en adultos, la medalla de oro fue para Jaime Su\u00e1rez, la de plata para Borja Villal\u00f3n y la de bronce para Javier Cu\u00f1arro. En la prueba por equipos, la medalla de oro la logr\u00f3 el CH Mogro, mientras que Equus Liencres logr\u00f3 la medalla de plata y bronce.<\/p>\n<p>En la exitosa Liga C\u00e1ntabra de Saltos, los ganadores de las diferentes categor\u00edas fueron Evelin Saiz, Victoria Alonso, Cesar Alonso, Rebeca Marcos y Beatriz Pulgar.<\/p>\n<p>En el Campeonato de Doma Cl\u00e1sica, Elisa Schoenlein, las medallas de oro las consiguieron, en la categor\u00eda de \u2018Potros de cuatro a\u00f1os\u2019, Aitana G\u00f3mez en \u2018Promoci\u00f3n\u2019, Naia Alonso en \u2018Alev\u00edn\u2019, Noibe Guti\u00e9rrez en \u2018Infantiles\u2019 y Verena Christmann con la categor\u00eda de \u2018J\u00f3venes Jinetes\u2019. Por \u00faltimo, en la Liga de Doma Cl\u00e1sica, las primeras posiciones las lograron Aitana G\u00f3mez (promoci\u00f3n), Marina L\u00f3pez (alev\u00edn), Noibe Guti\u00e9rrez (Infantil), y Luis Guti\u00e9rrez (adulto).<\/p>\n<p><span style=\"line-height: 1.5em;\">\u00a0Por \u00faltimo, el Director General de Deportes del Gobierno de Cantabria, Javier Soler, hizo entrega de una menci\u00f3n especial al jinete c\u00e1ntabro, Cesar Alonso, qui\u00e9n en el 2013 se proclam\u00f3 Campe\u00f3n de Espa\u00f1a de Salto de la categor\u00eda Infantil.<\/span><\/p>\n<h2 style=\"text-align: center;\"><a href=\"https:\/\/www.facebook.com\/media\/set\/?set=a.649282201774512.1073741928.505823252787075&amp;type=1&amp;l=53797361b1\"><strong>GALER\u00cdA DE FOTOGRAF\u00cdAS<\/strong><\/a><\/h2>\n","protected":false},"excerpt":{"rendered":"<p>Este pasado s\u00e1bado se celebr\u00f3 una nueva edici\u00f3n de la Gala de la H\u00edpica en el Hotel Sardinero de Santander que alcanz\u00f3 una cifra r\u00e9cord, con m\u00e1s de 320 personas.<\/p>\n","protected":false},"author":1,"featured_media":1653,"comment_status":"closed","ping_status":"closed","sticky":false,"template":"","format":"standard","meta":{"kt_blocks_editor_width":"","_jetpack_memberships_contains_paid_content":false,"footnotes":"","jetpack_publicize_message":"","jetpack_publicize_feature_enabled":true,"jetpack_social_post_already_shared":false,"jetpack_social_options":{"image_generator_settings":{"template":"highway","default_image_id":0,"font":"","enabled":false},"version":2}},"categories":[6],"tags":[],"class_list":["post-1652","post","type-post","status-publish","format-standard","has-post-thumbnail","hentry","category-noticias"],"jetpack_publicize_connections":[],"jetpack_featured_media_url":"https:\/\/i0.wp.com\/federacioncantabradehipica.com\/web\/wp-content\/uploads\/2014\/01\/GALA-HIPICA-CANTABRIA-2014.jpg?fit=960%2C640&ssl=1","jetpack_sharing_enabled":true,"jetpack_shortlink":"https:\/\/wp.me\/p3jrBv-qE","jetpack_likes_enabled":false,"_links":{"self":[{"href":"https:\/\/federacioncantabradehipica.com\/web\/index.php?rest_route=\/wp\/v2\/posts\/1652","targetHints":{"allow":["GET"]}}],"collection":[{"href":"https:\/\/federacioncantabradehipica.com\/web\/index.php?rest_route=\/wp\/v2\/posts"}],"about":[{"href":"https:\/\/federacioncantabradehipica.com\/web\/index.php?rest_route=\/wp\/v2\/types\/post"}],"author":[{"embeddable":true,"href":"https:\/\/federacioncantabradehipica.com\/web\/index.php?rest_route=\/wp\/v2\/users\/1"}],"replies":[{"embeddable":true,"href":"https:\/\/federacioncantabradehipica.com\/web\/index.php?rest_route=%2Fwp%2Fv2%2Fcomments&post=1652"}],"version-history":[{"count":4,"href":"https:\/\/federacioncantabradehipica.com\/web\/index.php?rest_route=\/wp\/v2\/posts\/1652\/revisions"}],"predecessor-version":[{"id":1657,"href":"https:\/\/federacioncantabradehipica.com\/web\/index.php?rest_route=\/wp\/v2\/posts\/1652\/revisions\/1657"}],"wp:featuredmedia":[{"embeddable":true,"href":"https:\/\/federacioncantabradehipica.com\/web\/index.php?rest_route=\/wp\/v2\/media\/1653"}],"wp:attachment":[{"href":"https:\/\/federacioncantabradehipica.com\/web\/index.php?rest_route=%2Fwp%2Fv2%2Fmedia&parent=1652"}],"wp:term":[{"taxonomy":"category","embeddable":true,"href":"https:\/\/federacioncantabradehipica.com\/web\/index.php?rest_route=%2Fwp%2Fv2%2Fcategories&post=1652"},{"taxonomy":"post_tag","embeddable":true,"href":"https:\/\/federacioncantabradehipica.com\/web\/index.php?rest_route=%2Fwp%2Fv2%2Ftags&post=1652"}],"curies":[{"name":"wp","href":"https:\/\/api.w.org\/{rel}","templated":true}]}}