{"id":1687,"date":"2014-02-23T22:08:15","date_gmt":"2014-02-23T21:08:15","guid":{"rendered":"http:\/\/federacioncantabradehipica.com\/web\/?p=1687"},"modified":"2014-02-23T22:26:10","modified_gmt":"2014-02-23T21:26:10","slug":"arranco-la-liga-cantabra-de-salto-2014-en-el-ch-los-robles","status":"publish","type":"post","link":"https:\/\/federacioncantabradehipica.com\/web\/?p=1687","title":{"rendered":"Arranc\u00f3 la Liga C\u00e1ntabra de Salto 2014 en el CH Los Robles"},"content":{"rendered":"<p style=\"text-align: center;\">Bel\u00e9n D\u00edaz , Mar Ter\u00e1n, Ana Fern\u00e1ndez Velasco, por partida doble, y Amanda Torre lideran las diferentes categor\u00edas de la Liga C\u00e1ntabra de Salto 2014<!--more--><\/p>\n<p style=\"text-align: justify;\">Arranc\u00f3 la Liga C\u00e1ntabra de Salto 2014 en las instalaciones del\u00a0<strong>Centro H\u00edpico Los Robles<\/strong>\u00a0(Boo de Pi\u00e9lagos) con m\u00e1s de 60 de salidas a pista.\u00a0La pr\u00f3xima sede de la Liga C\u00e1ntabra de Salto ser\u00e1 el nueve de marzo en la capital c\u00e1ntabra, concretamente en el Centro H\u00edpico El Bocal.<\/p>\n<p style=\"text-align: justify;\">En la prueba de \u2018<strong>iniciaci\u00f3n<\/strong>\u2019,\u00a0<strong>Amana Torre<\/strong>\u00a0registr\u00f3 el mejor tiempo con \u2018Cinderella 463\u2019, segunda fue\u00a0<strong>Lucia Vega Aja<\/strong>\u00a0con &#8216;Nala&#8217;, mientras que,\u00a0<strong>Silvia Diego Pardo<\/strong>\u00a0fue tercera con &#8216;Geoda&#8217;.<\/p>\n<p style=\"text-align: justify;\">En la prueba de\u00a0<strong>0.60 metros<\/strong>, la jovenc\u00edsima amazona,\u00a0<strong>Ana Fern\u00e1ndez de Velasco<\/strong>, con \u2018Cuco\u2019 registr\u00f3 el mejor tiempo de la prueba con 30,94 segundos en un recorrido sin falta.\u00a0<strong>Luisa Peral Guti\u00e9rrez<\/strong>\u00a0fue segunda con \u2018Sombra de San Tirso\u2019 y tercera\u00a0<strong>Lucia Lera P\u00e9rez\u00a0<\/strong>con \u2018Mora de San Tirso\u2019.<\/p>\n<p style=\"text-align: justify;\">De nuevo,\u00a0<strong>Ana Fern\u00e1ndez de Velasco<\/strong>, pero esta vez, con el veterano \u2018Eole D\u2019 Arbaz\u2019 gan\u00f3 la prueba de\u00a0<strong>0.90 metros<\/strong>.\u00a0<strong>Cayetana Quevedo Pe\u00f1a<\/strong>\u00a0con \u2018Loretoki Semacar\u2019 registr\u00f3 la segunda mejor marca de la prueba, mientras que,\u00a0<strong>Aridia Lav\u00edn Meruelo<\/strong>\u00a0fue tercera con \u2018Ilton Mustior\u2019<\/p>\n<p style=\"text-align: justify;\">En la segunda prueba m\u00e1s importante de esta sede, la de\u00a0<strong>1.10 metros<\/strong>, la amazona del CH El Bocal,\u00a0<strong>Mar Ter\u00e1n de la Piedra\u00a0<\/strong>sum\u00f3 el mejor tiempo de la prueba con \u2018Sambala\u2019. Segunda fue\u00a0<strong>Victoria Mu\u00f1oz Ruiz<\/strong>\u00a0con \u2018Cuca de Tanos\u2019 y tercera\u00a0<strong>Ana Fern\u00e1ndez de Velasco<\/strong>\u00a0con \u2018Eole D&#8217; Arbaz\u2019.\u00a0En la prueba grande (<strong>1.20 metros<\/strong>), la amazona c\u00e1ntabra,\u00a0<strong>Bel\u00e9n D\u00edaz Cuero<\/strong>, registr\u00f3 el mejor tiempo de la prueba (55,15) con &#8216;Maddock&#8217;, mientras que, segunda fue Mar Ter\u00e1n con &#8216;Sambala&#8217;.<\/p>\n<h2 style=\"text-align: center;\"><a href=\"https:\/\/www.facebook.com\/media\/set\/?set=a.663111913724874.1073741930.505823252787075&amp;type=1&amp;l=1b9775c05d\">GALERIA DE FOTOGRAF\u00cdAS<\/a><\/h2>\n<h2 style=\"text-align: center;\"><a href=\"http:\/\/federacioncantabradehipica.com\/web\/?p=1666\">RESULTADOS<\/a><\/h2>\n<p style=\"text-align: right;\">Texto: Pablo Lanza<br \/>\nFotos: Victor Pulito<\/p>\n","protected":false},"excerpt":{"rendered":"<p>Bel\u00e9n D\u00edaz , Mar Ter\u00e1n, Ana Fern\u00e1ndez Velasco, por partida doble, y Amanda Torre lideran las diferentes categor\u00edas de la Liga C\u00e1ntabra de Salto 2014<\/p>\n","protected":false},"author":1,"featured_media":1691,"comment_status":"closed","ping_status":"closed","sticky":false,"template":"","format":"standard","meta":{"kt_blocks_editor_width":"","_jetpack_memberships_contains_paid_content":false,"footnotes":"","jetpack_publicize_message":"","jetpack_publicize_feature_enabled":true,"jetpack_social_post_already_shared":false,"jetpack_social_options":{"image_generator_settings":{"template":"highway","default_image_id":0,"font":"","enabled":false},"version":2}},"categories":[6],"tags":[],"class_list":["post-1687","post","type-post","status-publish","format-standard","has-post-thumbnail","hentry","category-noticias"],"jetpack_publicize_connections":[],"jetpack_featured_media_url":"https:\/\/i0.wp.com\/federacioncantabradehipica.com\/web\/wp-content\/uploads\/2014\/02\/2014-02-23_ANBE-CUERO_DSC_0039_Liga-Salto-Robles_.jpg?fit=1600%2C1064&ssl=1","jetpack_sharing_enabled":true,"jetpack_shortlink":"https:\/\/wp.me\/p3jrBv-rd","jetpack_likes_enabled":false,"_links":{"self":[{"href":"https:\/\/federacioncantabradehipica.com\/web\/index.php?rest_route=\/wp\/v2\/posts\/1687","targetHints":{"allow":["GET"]}}],"collection":[{"href":"https:\/\/federacioncantabradehipica.com\/web\/index.php?rest_route=\/wp\/v2\/posts"}],"about":[{"href":"https:\/\/federacioncantabradehipica.com\/web\/index.php?rest_route=\/wp\/v2\/types\/post"}],"author":[{"embeddable":true,"href":"https:\/\/federacioncantabradehipica.com\/web\/index.php?rest_route=\/wp\/v2\/users\/1"}],"replies":[{"embeddable":true,"href":"https:\/\/federacioncantabradehipica.com\/web\/index.php?rest_route=%2Fwp%2Fv2%2Fcomments&post=1687"}],"version-history":[{"count":4,"href":"https:\/\/federacioncantabradehipica.com\/web\/index.php?rest_route=\/wp\/v2\/posts\/1687\/revisions"}],"predecessor-version":[{"id":1694,"href":"https:\/\/federacioncantabradehipica.com\/web\/index.php?rest_route=\/wp\/v2\/posts\/1687\/revisions\/1694"}],"wp:featuredmedia":[{"embeddable":true,"href":"https:\/\/federacioncantabradehipica.com\/web\/index.php?rest_route=\/wp\/v2\/media\/1691"}],"wp:attachment":[{"href":"https:\/\/federacioncantabradehipica.com\/web\/index.php?rest_route=%2Fwp%2Fv2%2Fmedia&parent=1687"}],"wp:term":[{"taxonomy":"category","embeddable":true,"href":"https:\/\/federacioncantabradehipica.com\/web\/index.php?rest_route=%2Fwp%2Fv2%2Fcategories&post=1687"},{"taxonomy":"post_tag","embeddable":true,"href":"https:\/\/federacioncantabradehipica.com\/web\/index.php?rest_route=%2Fwp%2Fv2%2Ftags&post=1687"}],"curies":[{"name":"wp","href":"https:\/\/api.w.org\/{rel}","templated":true}]}}