{"id":1752,"date":"2014-03-11T19:16:56","date_gmt":"2014-03-11T18:16:56","guid":{"rendered":"http:\/\/federacioncantabradehipica.com\/web\/?p=1752"},"modified":"2014-03-11T20:32:08","modified_gmt":"2014-03-11T19:32:08","slug":"la-segunda-sede-de-la-liga-cantabro-paso-por-el-ch-el-bocal","status":"publish","type":"post","link":"https:\/\/federacioncantabradehipica.com\/web\/?p=1752","title":{"rendered":"La segunda sede de la Liga C\u00e1ntabra pas\u00f3 por el CH El Bocal"},"content":{"rendered":"<p style=\"text-align: center;\">Dominio local en la segunda sede de la Liga C\u00e1ntabra de Salto celebrado en la capital c\u00e1ntabra<!--more--><\/p>\n<p style=\"text-align: justify;\">Continu\u00f3 la Liga C\u00e1ntabra de Salto 2014 en las instalaciones del Centro H\u00edpico El Bocal (Santander) con m\u00e1s de 85 \u00a0salidas a pista. La pr\u00f3xima sede de la Liga C\u00e1ntabra de Salto ser\u00e1 el seis de abril en las instalaciones del Centro H\u00edpico Laredo.<\/p>\n<p style=\"text-align: justify;\"><span style=\"line-height: 1.5em;\">En la prueba de \u2018iniciaci\u00f3n\u2019, Ana Fern\u00e1ndez de Velasco registr\u00f3 el mejor tiempo con \u2018Blanca\u2019, segunda fue su hermana, Carmen, con \u2018Cuco\u2019, mientras que, Lidia Manrique fue tercera con \u2018Willy\u2019.<\/span><\/p>\n<p style=\"text-align: justify;\">En la prueba de 0.60 metros, el triunfo fue para Victoria Diego, con \u2018Hanna\u2019, que registr\u00f3 el mejor tiempo de la prueba con 41,78 segundos en un recorrido sin falta. Isabel Valero fue segunda con \u2018Yedra\u2019 y tercera Alfonso Toyos con \u2018Gacela\u2019.<\/p>\n<p style=\"text-align: justify;\">De nuevo, Ana Fern\u00e1ndez de Velasco, pero esta vez, con el veterano \u2018Eole D\u2019 Arbaz\u2019 gan\u00f3 la prueba de 0.90 metros. Elena Aja fue segunda con \u2018Black Beauty\u2019, mientras que, Lidia Fern\u00e1ndez fue tercera con \u2018Dorada\u2019<\/p>\n<p style=\"text-align: justify;\">En la segunda prueba m\u00e1s importante de esta sede, la de 1.10 metros, la amazona del CH El Bocal, Mar Ter\u00e1n de la Piedra sum\u00f3 el mejor tiempo de la prueba con \u2018Sambala\u2019. Segunda fue Laura Junquera Bedia con \u2018Class\u2019 y tercera Amaia Cormenzana P\u00e9rez con \u2018Queen\u2019. En la prueba grande (1.20 metros), la amazona c\u00e1ntabra, Alejandra Mart\u00edn del Campo, registr\u00f3 el mejor tiempo de la prueba (64,85) con \u2018Ornella A\u2019, segunda fue Victoria Mu\u00f1oz con \u2018Camelotero\u2019, y tercero, Koldo Fern\u00e1ndez Fullaondo.<\/p>\n<ul>\n<li style=\"text-align: justify;\"><strong><a href=\"http:\/\/federacioncantabradehipica.com\/web\/?p=1670\">RESULTADOS<\/a><\/strong><\/li>\n<li><strong><a href=\"https:\/\/www.facebook.com\/media\/set\/?set=a.669279203108145.1073741931.505823252787075&amp;type=1&amp;l=6fe0afded8\">FOTOGRAF\u00cdAS<\/a><\/strong><\/li>\n<\/ul>\n<div id=\"fb-root\"><\/div>\n","protected":false},"excerpt":{"rendered":"<p>Dominio local en la segunda sede de la Liga C\u00e1ntabra de Salto celebrado en la capital c\u00e1ntabra<\/p>\n","protected":false},"author":1,"featured_media":1753,"comment_status":"closed","ping_status":"closed","sticky":false,"template":"","format":"standard","meta":{"kt_blocks_editor_width":"","_jetpack_memberships_contains_paid_content":false,"footnotes":"","jetpack_publicize_message":"","jetpack_publicize_feature_enabled":true,"jetpack_social_post_already_shared":false,"jetpack_social_options":{"image_generator_settings":{"template":"highway","default_image_id":0,"font":"","enabled":false},"version":2}},"categories":[6],"tags":[],"class_list":["post-1752","post","type-post","status-publish","format-standard","has-post-thumbnail","hentry","category-noticias"],"jetpack_publicize_connections":[],"jetpack_featured_media_url":"https:\/\/i0.wp.com\/federacioncantabradehipica.com\/web\/wp-content\/uploads\/2014\/03\/1891018_669279293108136_1856961215_n.jpg?fit=960%2C638&ssl=1","jetpack_sharing_enabled":true,"jetpack_shortlink":"https:\/\/wp.me\/p3jrBv-sg","jetpack_likes_enabled":false,"_links":{"self":[{"href":"https:\/\/federacioncantabradehipica.com\/web\/index.php?rest_route=\/wp\/v2\/posts\/1752","targetHints":{"allow":["GET"]}}],"collection":[{"href":"https:\/\/federacioncantabradehipica.com\/web\/index.php?rest_route=\/wp\/v2\/posts"}],"about":[{"href":"https:\/\/federacioncantabradehipica.com\/web\/index.php?rest_route=\/wp\/v2\/types\/post"}],"author":[{"embeddable":true,"href":"https:\/\/federacioncantabradehipica.com\/web\/index.php?rest_route=\/wp\/v2\/users\/1"}],"replies":[{"embeddable":true,"href":"https:\/\/federacioncantabradehipica.com\/web\/index.php?rest_route=%2Fwp%2Fv2%2Fcomments&post=1752"}],"version-history":[{"count":5,"href":"https:\/\/federacioncantabradehipica.com\/web\/index.php?rest_route=\/wp\/v2\/posts\/1752\/revisions"}],"predecessor-version":[{"id":1764,"href":"https:\/\/federacioncantabradehipica.com\/web\/index.php?rest_route=\/wp\/v2\/posts\/1752\/revisions\/1764"}],"wp:featuredmedia":[{"embeddable":true,"href":"https:\/\/federacioncantabradehipica.com\/web\/index.php?rest_route=\/wp\/v2\/media\/1753"}],"wp:attachment":[{"href":"https:\/\/federacioncantabradehipica.com\/web\/index.php?rest_route=%2Fwp%2Fv2%2Fmedia&parent=1752"}],"wp:term":[{"taxonomy":"category","embeddable":true,"href":"https:\/\/federacioncantabradehipica.com\/web\/index.php?rest_route=%2Fwp%2Fv2%2Fcategories&post=1752"},{"taxonomy":"post_tag","embeddable":true,"href":"https:\/\/federacioncantabradehipica.com\/web\/index.php?rest_route=%2Fwp%2Fv2%2Ftags&post=1752"}],"curies":[{"name":"wp","href":"https:\/\/api.w.org\/{rel}","templated":true}]}}