{"id":1852,"date":"2014-04-19T10:41:03","date_gmt":"2014-04-19T08:41:03","guid":{"rendered":"http:\/\/federacioncantabradehipica.com\/web\/?p=1852"},"modified":"2014-04-20T11:49:27","modified_gmt":"2014-04-20T09:49:27","slug":"comenzo-el-csn-e-laredo-con-el-triunfo-de-javier-cunarro-en-la-prueba-grande","status":"publish","type":"post","link":"https:\/\/federacioncantabradehipica.com\/web\/?p=1852","title":{"rendered":"Comenz\u00f3 el CSN*-E Laredo con el triunfo de Javier Cu\u00f1arro en la prueba grande"},"content":{"rendered":"<p style=\"text-align: center;\">Protagonismo c\u00e1ntabro en la primera jornada del Concurso de Saltos Nacional de Laredo.\u00a0<!--more--><\/p>\n<p style=\"text-align: justify;\">El primer Concurso de Saltos Nacional de la temporada 2014 comenz\u00f3 en el Centro H\u00edpico Laredo con la victoria del c\u00e1ntabro <strong>Javier Cu\u00f1arro Alaez<\/strong> con &#8216;Jague de Mara&#8217;, segundo fue <strong>\u00c1lvaro Gonz\u00e1lez de Z\u00e1rate<\/strong> con &#8216;Uliano&#8217;, y tercero <strong>Pablo Mardones<\/strong> de la Cruz con &#8216;Florida Yar&#8217;.<\/p>\n<p style=\"text-align: justify;\">En la prueba de GIV, altura m\u00e1xima de 1.20 metros, el triunfo tambi\u00e9n se qued\u00f3 en tierras c\u00e1ntabras, esta vez, en manos de la amazona de \u00bbEquus Jaime Su\u00e1rez&#8217;, <strong>Paola Pel\u00e1ez Fern\u00e1ndez<\/strong> con &#8216;Berona&#8217;, al igual que en la prueba grande, <strong>\u00c1lvaro Gonz\u00e1lez de Z\u00e1rate<\/strong> fue segundo con &#8216;Air Balida&#8217;, mientras que, <strong>Herve Duhaut<\/strong>, fue tercero con &#8216;Nabis Des Etisses\u00bb<\/p>\n<p style=\"text-align: justify;\"><span style=\"line-height: 1.5em;\">El CSN*-E Laredo est\u00e1 contando con un n\u00famero de concursantes inscritos que supera los 170.\u00a0<\/span>A los jinetes y amazonas de Cantabria, se han unido otros de diferentes Comunidades Aut\u00f3nomas, entre los que destacan la presencia de participantes de\u00a0Pa\u00eds Vasco, Madrid, Castilla-Le\u00f3n, Navarra, Arag\u00f3n, Asturias y La Rioja.<\/p>\n<p style=\"text-align: justify;\">El concurso cuenta con la colaboraci\u00f3n del Ayuntamiento de Laredo y patrocinadores como Sanidad Animal y Vegetal Agrocampo, Instalaciones El\u00e9ctricas Pedro Negrete, Fontaneria Montes, Piensos Fabrona, Restautante Palmanova, Cafeteria As\u00f3n, Viveros el Juncal, Amavisca Asesores, Equites Tienda Hipica, Bodega Vega de Terra y Talleres Nazabal.<\/p>\n<h2 style=\"text-align: center;\"><a href=\"http:\/\/federacioncantabradehipica.com\/web\/?p=1604\">RESULTADOS<\/a><\/h2>\n<h2 style=\"text-align: center;\">GALER\u00cdA DE FOTOS<\/h2>\n<p style=\"text-align: right;\"><em>Fotos: Beni Cuero<\/em><br \/>\n<em> Texto: Pablo Lanza<\/em><\/p>\n","protected":false},"excerpt":{"rendered":"<p>Protagonismo c\u00e1ntabro en la primera jornada del Concurso de Saltos Nacional de Laredo.\u00a0<\/p>\n","protected":false},"author":1,"featured_media":1855,"comment_status":"closed","ping_status":"closed","sticky":false,"template":"","format":"standard","meta":{"kt_blocks_editor_width":"","_jetpack_memberships_contains_paid_content":false,"footnotes":"","jetpack_publicize_message":"","jetpack_publicize_feature_enabled":true,"jetpack_social_post_already_shared":false,"jetpack_social_options":{"image_generator_settings":{"template":"highway","default_image_id":0,"font":"","enabled":false},"version":2}},"categories":[6],"tags":[],"class_list":["post-1852","post","type-post","status-publish","format-standard","has-post-thumbnail","hentry","category-noticias"],"jetpack_publicize_connections":[],"jetpack_featured_media_url":"https:\/\/i0.wp.com\/federacioncantabradehipica.com\/web\/wp-content\/uploads\/2014\/04\/2014-04-18_DSC_0067_BENI-CUERO-ANBE_CSN-LAREDO_.jpg?fit=1600%2C1068&ssl=1","jetpack_sharing_enabled":true,"jetpack_shortlink":"https:\/\/wp.me\/p3jrBv-tS","jetpack_likes_enabled":false,"_links":{"self":[{"href":"https:\/\/federacioncantabradehipica.com\/web\/index.php?rest_route=\/wp\/v2\/posts\/1852","targetHints":{"allow":["GET"]}}],"collection":[{"href":"https:\/\/federacioncantabradehipica.com\/web\/index.php?rest_route=\/wp\/v2\/posts"}],"about":[{"href":"https:\/\/federacioncantabradehipica.com\/web\/index.php?rest_route=\/wp\/v2\/types\/post"}],"author":[{"embeddable":true,"href":"https:\/\/federacioncantabradehipica.com\/web\/index.php?rest_route=\/wp\/v2\/users\/1"}],"replies":[{"embeddable":true,"href":"https:\/\/federacioncantabradehipica.com\/web\/index.php?rest_route=%2Fwp%2Fv2%2Fcomments&post=1852"}],"version-history":[{"count":3,"href":"https:\/\/federacioncantabradehipica.com\/web\/index.php?rest_route=\/wp\/v2\/posts\/1852\/revisions"}],"predecessor-version":[{"id":1854,"href":"https:\/\/federacioncantabradehipica.com\/web\/index.php?rest_route=\/wp\/v2\/posts\/1852\/revisions\/1854"}],"wp:featuredmedia":[{"embeddable":true,"href":"https:\/\/federacioncantabradehipica.com\/web\/index.php?rest_route=\/wp\/v2\/media\/1855"}],"wp:attachment":[{"href":"https:\/\/federacioncantabradehipica.com\/web\/index.php?rest_route=%2Fwp%2Fv2%2Fmedia&parent=1852"}],"wp:term":[{"taxonomy":"category","embeddable":true,"href":"https:\/\/federacioncantabradehipica.com\/web\/index.php?rest_route=%2Fwp%2Fv2%2Fcategories&post=1852"},{"taxonomy":"post_tag","embeddable":true,"href":"https:\/\/federacioncantabradehipica.com\/web\/index.php?rest_route=%2Fwp%2Fv2%2Ftags&post=1852"}],"curies":[{"name":"wp","href":"https:\/\/api.w.org\/{rel}","templated":true}]}}