{"id":1959,"date":"2014-05-20T21:20:16","date_gmt":"2014-05-20T19:20:16","guid":{"rendered":"http:\/\/federacioncantabradehipica.com\/web\/?p=1959"},"modified":"2014-05-20T21:55:01","modified_gmt":"2014-05-20T19:55:01","slug":"comenzo-la-liga-cantabra-de-doma-clasica-en-el-centro-ecuestre-santibanez","status":"publish","type":"post","link":"https:\/\/federacioncantabradehipica.com\/web\/?p=1959","title":{"rendered":"Comenz\u00f3 la Liga C\u00e1ntabra de Doma Cl\u00e1sica en el Centro Ecuestre Santib\u00e1\u00f1ez"},"content":{"rendered":"<p style=\"text-align: center;\">La segunda sede de la Liga C\u00e1ntabra\u00a0de Doma Cl\u00e1sica ser\u00e1 en el Centro H\u00edpico del Pisue\u00f1a\u00a0\u00a0(Villacarriedo) el 22 de junio.<!--more--><\/p>\n<p style=\"text-align: justify;\">El pasado domingo d\u00eda 18 de mayo, comenz\u00f3 la\u00a0Liga C\u00e1ntabra de Doma Cl\u00e1sica en las instalaciones\u00a0del Centro Ecuestre Santib\u00e1\u00f1ez, en donde, Naiara Castro fue la jueza de la prueba. <strong>Itziar\u00a0Arroitajauregi Gonz\u00e1lez<\/strong>\u00a0fue la\u00a0ganador de la prueba preliminar de potros de cuatro\u00a0a\u00f1os con \u2018Portugues XIII\u2019. En la preliminar de potros de cinco\u00a0a\u00f1os, <strong>Santiago Mazo Portugal<\/strong>\u00a0logr\u00f3 la mejor puntuaci\u00f3n con \u2018Eloise\u2019, mientras que, en la de seis a\u00f1os, gan\u00f3 <strong>Saioa Olivares Olarza<\/strong> con &#8216;Daan&#8217;.<\/p>\n<p style=\"text-align: justify;\">En la prueba de promoci\u00f3n \u2018asiento y posici\u00f3n\u2019, <strong>Noive Lisado Diez<\/strong>\u00a0fue primera con \u2018Lolly Pop\u2019, mientras que, segundo termin\u00f3 Mikel Cabezudo Ares con &#8216;Bambi&#8217;. En la prueba \u2018alev\u00edn\u2019, <strong>Jara Ruiz Laso<\/strong>\u00a0con \u2018Lebrero\u2019 finaliz\u00f3 primera. En la categor\u00eda \u2018infantil\u2019, <strong>Rosa Prieto Ruiloba<\/strong>\u00a0gan\u00f3 con \u2018Trit\u00f3n&#8217;.<\/p>\n<p style=\"text-align: justify;\">En\u00a0prueba de \u2018Juveniles*\u2019 se impuso\u00a0<strong>Vanesa Salcines Solar<\/strong>\u00a0con \u2018Arconit\u2019, mientras que, la de \u2018Juveniles 1*\u2019 fue ganada por <strong>Carlos G\u00f3mez Fern\u00e1ndez<\/strong> con \u2018Wayu\u2019.La segunda sede de la Liga C\u00e1ntabra\u00a0de Doma Cl\u00e1sica ser\u00e1 en el Centro H\u00edpico del Pisue\u00f1a\u00a0\u00a0(Villacarriedo) el 22 de junio.<\/p>\n<p>&nbsp;<\/p>\n<p><a href=\"https:\/\/i0.wp.com\/federacioncantabradehipica.com\/web\/wp-content\/uploads\/2014\/05\/10313862_698928463476552_3526729486981952297_n.jpg\"><img data-recalc-dims=\"1\" loading=\"lazy\" decoding=\"async\" data-attachment-id=\"1961\" data-permalink=\"https:\/\/federacioncantabradehipica.com\/web\/?attachment_id=1961\" data-orig-file=\"https:\/\/i0.wp.com\/federacioncantabradehipica.com\/web\/wp-content\/uploads\/2014\/05\/10313862_698928463476552_3526729486981952297_n.jpg?fit=403%2C199&amp;ssl=1\" data-orig-size=\"403,199\" data-comments-opened=\"0\" data-image-meta=\"{&quot;aperture&quot;:&quot;0&quot;,&quot;credit&quot;:&quot;&quot;,&quot;camera&quot;:&quot;&quot;,&quot;caption&quot;:&quot;&quot;,&quot;created_timestamp&quot;:&quot;0&quot;,&quot;copyright&quot;:&quot;&quot;,&quot;focal_length&quot;:&quot;0&quot;,&quot;iso&quot;:&quot;0&quot;,&quot;shutter_speed&quot;:&quot;0&quot;,&quot;title&quot;:&quot;&quot;}\" data-image-title=\"logo hipica cantabria\" data-image-description=\"\" data-image-caption=\"\" data-large-file=\"https:\/\/i0.wp.com\/federacioncantabradehipica.com\/web\/wp-content\/uploads\/2014\/05\/10313862_698928463476552_3526729486981952297_n.jpg?fit=403%2C199&amp;ssl=1\" class=\" wp-image-1961 aligncenter\" src=\"https:\/\/i0.wp.com\/federacioncantabradehipica.com\/web\/wp-content\/uploads\/2014\/05\/10313862_698928463476552_3526729486981952297_n.jpg?resize=346%2C171\" alt=\"logo hipica cantabria\" width=\"346\" height=\"171\" srcset=\"https:\/\/i0.wp.com\/federacioncantabradehipica.com\/web\/wp-content\/uploads\/2014\/05\/10313862_698928463476552_3526729486981952297_n.jpg?w=403&amp;ssl=1 403w, https:\/\/i0.wp.com\/federacioncantabradehipica.com\/web\/wp-content\/uploads\/2014\/05\/10313862_698928463476552_3526729486981952297_n.jpg?resize=150%2C74&amp;ssl=1 150w, https:\/\/i0.wp.com\/federacioncantabradehipica.com\/web\/wp-content\/uploads\/2014\/05\/10313862_698928463476552_3526729486981952297_n.jpg?resize=300%2C148&amp;ssl=1 300w, https:\/\/i0.wp.com\/federacioncantabradehipica.com\/web\/wp-content\/uploads\/2014\/05\/10313862_698928463476552_3526729486981952297_n.jpg?resize=354%2C175&amp;ssl=1 354w\" sizes=\"auto, (max-width: 346px) 100vw, 346px\" \/><\/a><\/p>\n<p>&nbsp;<\/p>\n<ul>\n<li><a href=\"https:\/\/www.facebook.com\/media\/set\/?set=a.699705210065544.1073741936.505823252787075&amp;type=1&amp;l=329a863e7a\">Galer\u00eda de fotograf\u00edas.<\/a><\/li>\n<\/ul>\n","protected":false},"excerpt":{"rendered":"<p>La segunda sede de la Liga C\u00e1ntabra\u00a0de Doma Cl\u00e1sica ser\u00e1 en el Centro H\u00edpico del Pisue\u00f1a\u00a0\u00a0(Villacarriedo) el 22 de junio.<\/p>\n","protected":false},"author":1,"featured_media":1960,"comment_status":"closed","ping_status":"closed","sticky":false,"template":"","format":"standard","meta":{"kt_blocks_editor_width":"","_jetpack_memberships_contains_paid_content":false,"footnotes":"","jetpack_publicize_message":"","jetpack_publicize_feature_enabled":true,"jetpack_social_post_already_shared":false,"jetpack_social_options":{"image_generator_settings":{"template":"highway","default_image_id":0,"font":"","enabled":false},"version":2}},"categories":[6],"tags":[],"class_list":["post-1959","post","type-post","status-publish","format-standard","has-post-thumbnail","hentry","category-noticias"],"jetpack_publicize_connections":[],"jetpack_featured_media_url":"https:\/\/i0.wp.com\/federacioncantabradehipica.com\/web\/wp-content\/uploads\/2014\/05\/10300268_699705290065536_9191309878207336810_n.jpg?fit=960%2C720&ssl=1","jetpack_sharing_enabled":true,"jetpack_shortlink":"https:\/\/wp.me\/p3jrBv-vB","jetpack_likes_enabled":false,"_links":{"self":[{"href":"https:\/\/federacioncantabradehipica.com\/web\/index.php?rest_route=\/wp\/v2\/posts\/1959","targetHints":{"allow":["GET"]}}],"collection":[{"href":"https:\/\/federacioncantabradehipica.com\/web\/index.php?rest_route=\/wp\/v2\/posts"}],"about":[{"href":"https:\/\/federacioncantabradehipica.com\/web\/index.php?rest_route=\/wp\/v2\/types\/post"}],"author":[{"embeddable":true,"href":"https:\/\/federacioncantabradehipica.com\/web\/index.php?rest_route=\/wp\/v2\/users\/1"}],"replies":[{"embeddable":true,"href":"https:\/\/federacioncantabradehipica.com\/web\/index.php?rest_route=%2Fwp%2Fv2%2Fcomments&post=1959"}],"version-history":[{"count":4,"href":"https:\/\/federacioncantabradehipica.com\/web\/index.php?rest_route=\/wp\/v2\/posts\/1959\/revisions"}],"predecessor-version":[{"id":1965,"href":"https:\/\/federacioncantabradehipica.com\/web\/index.php?rest_route=\/wp\/v2\/posts\/1959\/revisions\/1965"}],"wp:featuredmedia":[{"embeddable":true,"href":"https:\/\/federacioncantabradehipica.com\/web\/index.php?rest_route=\/wp\/v2\/media\/1960"}],"wp:attachment":[{"href":"https:\/\/federacioncantabradehipica.com\/web\/index.php?rest_route=%2Fwp%2Fv2%2Fmedia&parent=1959"}],"wp:term":[{"taxonomy":"category","embeddable":true,"href":"https:\/\/federacioncantabradehipica.com\/web\/index.php?rest_route=%2Fwp%2Fv2%2Fcategories&post=1959"},{"taxonomy":"post_tag","embeddable":true,"href":"https:\/\/federacioncantabradehipica.com\/web\/index.php?rest_route=%2Fwp%2Fv2%2Ftags&post=1959"}],"curies":[{"name":"wp","href":"https:\/\/api.w.org\/{rel}","templated":true}]}}