{"id":1993,"date":"2014-06-01T22:16:04","date_gmt":"2014-06-01T20:16:04","guid":{"rendered":"http:\/\/federacioncantabradehipica.com\/web\/?p=1993"},"modified":"2014-06-01T22:19:41","modified_gmt":"2014-06-01T20:19:41","slug":"la-liga-de-saltos-continuo-en-la-yeguada-el-pomar","status":"publish","type":"post","link":"https:\/\/federacioncantabradehipica.com\/web\/?p=1993","title":{"rendered":"La Liga de Saltos continu\u00f3 en la Yeguada El Pomar"},"content":{"rendered":"<p style=\"text-align: center;\">Un centenar de participantes se dieron cita en la quinta sede de la Liga C\u00e1ntabra de Saltos 2014<!--more--><\/p>\n<p style=\"color: #444444; text-align: justify;\">Tras pasar por el Centro H\u00edpico Los Robles, El Bocal, Laredo y Solorga, la Liga C\u00e1ntabra de Saltos 2014 continu\u00f3 en las instalaciones de la Yeguada El Pomar\u00a0(<em>Obreg\u00f3n<\/em>), con\u00a0un total de 102\u00a0salidas a pista.<\/p>\n<p style=\"color: #444444; text-align: justify;\">En la prueba de \u2018cruzadas\u2019,\u00a0<strong>Carmen Fern\u00e1ndez de Velasco<\/strong>\u00a0con \u2018Cuco? marc\u00f3 el mejor tiempo de la prueba (44.52), seguida de\u00a0<strong>Amanda Torres Gonz\u00e1lez<\/strong>\u00a0con \u2018Cinderella 463\u2019 y\u00a0<strong>Victoria Alonso<\/strong>\u00a0con \u2018French Omelette\u2019. En la prueba de 0.60 gan\u00f3, al igual que en la anterior sede celebrada en Solorga,\u00a0<strong>Victoria Alonso<\/strong>\u00a0con \u2018Carlitos\u2019, segunda finaliz\u00f3\u00a0<strong>Victoria Diego<\/strong>\u00a0con \u2018Hanna\u2019, y tercera\u00a0<strong>Rebeca Guill\u00e9n V\u00e1zquez<\/strong>.<\/p>\n<p style=\"color: #444444; text-align: justify;\">En 0.90 metros, el triunfo fue para\u00a0<strong>Elena Aja\u00a0<\/strong>con \u2018Black-Beuaty\u2019, seguida de\u00a0<strong>Cesar Alonso<\/strong>\u00a0con \u2018Carlitos\u2019, y tercera termin\u00f3,\u00a0<strong>Aridia Lav\u00edn Meruelo\u00a0<\/strong>con el veterano \u2018Ilton Mustior\u2019. En 1.10 metros, el triunfo fue para\u00a0<strong>Elena Aja<\/strong>\u00a0con \u2018Black Beauty\u2019,\u00a0<strong>Ana Ceano-Vivas<\/strong>\u00a0con \u2018L\u00f3gica de G\u00fcemes\u2019 fue segunda, mientras que,\u00a0<strong>Mar Ter\u00e1n de la Piedra<\/strong>, termin\u00f3 tercera con \u2018Shambala\u2019.<\/p>\n<p style=\"color: #444444; text-align: justify;\">Por \u00faltimo, en la prueba grande, la victoria se quedo en &#8216;casa&#8217;, despu\u00e9s del triunfo de <strong>Manuel Movell\u00e1n Haya<\/strong> con\u00a0\u2018Eveline Van Het Bloemenhof\u2019, segundo fue\u00a0<strong>Pablo Gonz\u00e1lez Pedrosa\u00a0<\/strong>con \u2018Nesprit\u2019 y tercera,\u00a0<strong>Bel\u00e9n D\u00edaz Cuero<\/strong>\u00a0 con \u2018Maddock\u2019.<\/p>\n<p style=\"color: #444444; text-align: justify;\">La Liga C\u00e1ntabra de Saltos continuar\u00e1\u00a0a finales de septiembre, en concreto, el 28 de septiembre en el Centro Ecuestre Santib\u00e1\u00f1ez. Durante el verano, se celebrar\u00e1n\u00a0diferentes concursos de\u00a0competici\u00f3n nacional, destacando los tres CSN2* de Laredo, CSN3* Astillero, CSN3* Santander, CSN* Isla, CSN* Comillas y el Campeonato de Cantabria.<\/p>\n<p style=\"color: #444444; text-align: right;\"><em>Foto: Victor Pulito<\/em><br \/>\n<em>Texto: Pablo Lanza<\/em><\/p>\n<ul>\n<li><a href=\"http:\/\/federacioncantabradehipica.com\/web\/?p=1732\"><span style=\"color: #444444;\">RESULTADOS<\/span><\/a><\/li>\n<\/ul>\n","protected":false},"excerpt":{"rendered":"<p>Un centenar de participantes se dieron cita en la quinta sede de la Liga C\u00e1ntabra de Saltos 2014<\/p>\n","protected":false},"author":1,"featured_media":1994,"comment_status":"closed","ping_status":"closed","sticky":false,"template":"","format":"standard","meta":{"kt_blocks_editor_width":"","_jetpack_memberships_contains_paid_content":false,"footnotes":"","jetpack_publicize_message":"","jetpack_publicize_feature_enabled":true,"jetpack_social_post_already_shared":false,"jetpack_social_options":{"image_generator_settings":{"template":"highway","default_image_id":0,"font":"","enabled":false},"version":2}},"categories":[6],"tags":[],"class_list":["post-1993","post","type-post","status-publish","format-standard","has-post-thumbnail","hentry","category-noticias"],"jetpack_publicize_connections":[],"jetpack_featured_media_url":"https:\/\/i0.wp.com\/federacioncantabradehipica.com\/web\/wp-content\/uploads\/2014\/06\/Captura-de-pantalla-2014-06-01-a-las-22.15.35.png?fit=404%2C318&ssl=1","jetpack_sharing_enabled":true,"jetpack_shortlink":"https:\/\/wp.me\/p3jrBv-w9","jetpack_likes_enabled":false,"_links":{"self":[{"href":"https:\/\/federacioncantabradehipica.com\/web\/index.php?rest_route=\/wp\/v2\/posts\/1993","targetHints":{"allow":["GET"]}}],"collection":[{"href":"https:\/\/federacioncantabradehipica.com\/web\/index.php?rest_route=\/wp\/v2\/posts"}],"about":[{"href":"https:\/\/federacioncantabradehipica.com\/web\/index.php?rest_route=\/wp\/v2\/types\/post"}],"author":[{"embeddable":true,"href":"https:\/\/federacioncantabradehipica.com\/web\/index.php?rest_route=\/wp\/v2\/users\/1"}],"replies":[{"embeddable":true,"href":"https:\/\/federacioncantabradehipica.com\/web\/index.php?rest_route=%2Fwp%2Fv2%2Fcomments&post=1993"}],"version-history":[{"count":2,"href":"https:\/\/federacioncantabradehipica.com\/web\/index.php?rest_route=\/wp\/v2\/posts\/1993\/revisions"}],"predecessor-version":[{"id":1996,"href":"https:\/\/federacioncantabradehipica.com\/web\/index.php?rest_route=\/wp\/v2\/posts\/1993\/revisions\/1996"}],"wp:featuredmedia":[{"embeddable":true,"href":"https:\/\/federacioncantabradehipica.com\/web\/index.php?rest_route=\/wp\/v2\/media\/1994"}],"wp:attachment":[{"href":"https:\/\/federacioncantabradehipica.com\/web\/index.php?rest_route=%2Fwp%2Fv2%2Fmedia&parent=1993"}],"wp:term":[{"taxonomy":"category","embeddable":true,"href":"https:\/\/federacioncantabradehipica.com\/web\/index.php?rest_route=%2Fwp%2Fv2%2Fcategories&post=1993"},{"taxonomy":"post_tag","embeddable":true,"href":"https:\/\/federacioncantabradehipica.com\/web\/index.php?rest_route=%2Fwp%2Fv2%2Ftags&post=1993"}],"curies":[{"name":"wp","href":"https:\/\/api.w.org\/{rel}","templated":true}]}}