{"id":2020,"date":"2014-06-10T09:28:19","date_gmt":"2014-06-10T07:28:19","guid":{"rendered":"http:\/\/federacioncantabradehipica.com\/web\/?p=2020"},"modified":"2014-06-10T09:28:19","modified_gmt":"2014-06-10T07:28:19","slug":"borja-villalon-vuelve-a-hacer-sonar-el-himno-espanol-en-portugal","status":"publish","type":"post","link":"https:\/\/federacioncantabradehipica.com\/web\/?p=2020","title":{"rendered":"Borja Villal\u00f3n vuelve a hacer sonar el himno espa\u00f1ol en Portugal"},"content":{"rendered":"<p style=\"text-align: center;\"><em>Espectacular racha del jinete c\u00e1ntabro que en las \u00faltimas semanas ha logrado el Gran Premio del\u00a0CSI2* de Alfeizerao, y CSN4*\u00a0Memorial P\u00e9rez de Seoane<\/em><!--more--><\/p>\n<p style=\"text-align: justify;\">El jinete c\u00e1ntabro de la Yeguada G\u00fcemes,<strong> Borja Villal\u00f3n Puras<\/strong>,\u00a0contin\u00faa su buena racha de victorias, este pasado domingo logr\u00f3 la victoria en el Gran Premio con &#8216;Wina F&#8217; en el <strong>Concurso de Saltos Internacional 2*de\u00a0Alfeizerao<\/strong>. En esta competici\u00f3n\u00a0tambi\u00e9n particip\u00f3\u00a0Iv\u00e1n Serrano y Almudena Terrasa, ambos afincados en Cantabria. No es la primera victoria de la temporada 2014 en tierras portuguesas, ya que, en el mes de mayo, Villal\u00f3n gan\u00f3 la prueba mediana (1.30m) de la primera jornada del\u00a0<strong>Concurso de Saltos Internacional 2*<\/strong> <strong>Ponte de Lima<\/strong> con &#8216;Vafer della Monica&#8217;<\/p>\n<p style=\"text-align: justify;\"><strong>Gran Premio del Memorial P\u00e9rez de Seoane<\/strong><\/p>\n<p style=\"text-align: left;\">El c\u00e1ntabro, Borja Villal\u00f3n, gan\u00f3 tambi\u00e9n hace dos semanas,\u00a0el <strong>Gran Premio<\/strong> (1.45m) del <strong>Memorial P\u00e9rez de Seoane<\/strong> que se ha disputado, al igual que en anteriores ediciones, en las instalaciones del RACE (Madrid), con \u00bbLong Lankin\u00bb.<\/p>\n","protected":false},"excerpt":{"rendered":"<p>Espectacular racha del jinete c\u00e1ntabro que en las \u00faltimas semanas ha logrado el Gran Premio del\u00a0CSI2* de Alfeizerao, y CSN4*\u00a0Memorial P\u00e9rez de Seoane<\/p>\n","protected":false},"author":1,"featured_media":2021,"comment_status":"closed","ping_status":"closed","sticky":false,"template":"","format":"standard","meta":{"kt_blocks_editor_width":"","_jetpack_memberships_contains_paid_content":false,"footnotes":"","jetpack_publicize_message":"","jetpack_publicize_feature_enabled":true,"jetpack_social_post_already_shared":false,"jetpack_social_options":{"image_generator_settings":{"template":"highway","default_image_id":0,"font":"","enabled":false},"version":2}},"categories":[6],"tags":[],"class_list":["post-2020","post","type-post","status-publish","format-standard","has-post-thumbnail","hentry","category-noticias"],"jetpack_publicize_connections":[],"jetpack_featured_media_url":"https:\/\/i0.wp.com\/federacioncantabradehipica.com\/web\/wp-content\/uploads\/2014\/06\/10449957_323151267849744_6823110237488544964_n.jpg?fit=960%2C638&ssl=1","jetpack_sharing_enabled":true,"jetpack_shortlink":"https:\/\/wp.me\/p3jrBv-wA","jetpack_likes_enabled":false,"_links":{"self":[{"href":"https:\/\/federacioncantabradehipica.com\/web\/index.php?rest_route=\/wp\/v2\/posts\/2020","targetHints":{"allow":["GET"]}}],"collection":[{"href":"https:\/\/federacioncantabradehipica.com\/web\/index.php?rest_route=\/wp\/v2\/posts"}],"about":[{"href":"https:\/\/federacioncantabradehipica.com\/web\/index.php?rest_route=\/wp\/v2\/types\/post"}],"author":[{"embeddable":true,"href":"https:\/\/federacioncantabradehipica.com\/web\/index.php?rest_route=\/wp\/v2\/users\/1"}],"replies":[{"embeddable":true,"href":"https:\/\/federacioncantabradehipica.com\/web\/index.php?rest_route=%2Fwp%2Fv2%2Fcomments&post=2020"}],"version-history":[{"count":1,"href":"https:\/\/federacioncantabradehipica.com\/web\/index.php?rest_route=\/wp\/v2\/posts\/2020\/revisions"}],"predecessor-version":[{"id":2022,"href":"https:\/\/federacioncantabradehipica.com\/web\/index.php?rest_route=\/wp\/v2\/posts\/2020\/revisions\/2022"}],"wp:featuredmedia":[{"embeddable":true,"href":"https:\/\/federacioncantabradehipica.com\/web\/index.php?rest_route=\/wp\/v2\/media\/2021"}],"wp:attachment":[{"href":"https:\/\/federacioncantabradehipica.com\/web\/index.php?rest_route=%2Fwp%2Fv2%2Fmedia&parent=2020"}],"wp:term":[{"taxonomy":"category","embeddable":true,"href":"https:\/\/federacioncantabradehipica.com\/web\/index.php?rest_route=%2Fwp%2Fv2%2Fcategories&post=2020"},{"taxonomy":"post_tag","embeddable":true,"href":"https:\/\/federacioncantabradehipica.com\/web\/index.php?rest_route=%2Fwp%2Fv2%2Ftags&post=2020"}],"curies":[{"name":"wp","href":"https:\/\/api.w.org\/{rel}","templated":true}]}}