{"id":2063,"date":"2014-06-16T12:37:48","date_gmt":"2014-06-16T10:37:48","guid":{"rendered":"http:\/\/federacioncantabradehipica.com\/web\/?p=2063"},"modified":"2014-06-16T12:39:03","modified_gmt":"2014-06-16T10:39:03","slug":"iker-jauregui-se-lleva-el-gran-premio-del-csn2-laredo","status":"publish","type":"post","link":"https:\/\/federacioncantabradehipica.com\/web\/?p=2063","title":{"rendered":"Iker Jauregui se lleva el Gran Premio del CSN2* Laredo"},"content":{"rendered":"<p style=\"text-align: center;\"><em>I\u00f1igo Gonz\u00e1lez con &#8216;Eloena&#8217; gan\u00f3 la prueba de 1.20 metros<\/em><!--more--><\/p>\n<p style=\"text-align: justify;\">El Centro H\u00edpico Laredo\u00a0puso punto y final\u00a0al segundo\u00a0Concurso de Saltos Nacional 2* de la temporada 2014, el jinete\u00a0Iker Jauregui logr\u00f3 el mejor tiempo en el desempate del <strong>Gran Premio &#8216;Excmo. Ayuntamiento de Laredo&#8217;<\/strong> con &#8216;Rubis de Cormeiles&#8217;. Segundo finaliz\u00f3 <strong>\u00c1lvaro Gonz\u00e1lez de Z\u00e1rate<\/strong> y tercera, <strong>Rocio L\u00e1zaro Alonso<\/strong> con &#8216;Mingot&#8217;.<\/p>\n<p style=\"text-align: justify;\">En la prueba de GIV (1.20 metros) que registr\u00f3 m\u00e1s de 60 salidas a pista, la victoria fue para <strong>I\u00f1igo Gonz\u00e1lez Oraindi<\/strong> con &#8216;Eloena&#8217;, que sum\u00f3 el m\u00e1ximo de puntos y el mejor tiempo en una prueba bajo el baremo de dificultades progresivas. Segunda termin\u00f3 <strong>Nerea Onaindia<\/strong> con &#8216;Oakaya Dau Gautrey&#8217; y tercero, H<strong>erve Duhaut<\/strong> con &#8216;Nabis Des Etisses&#8217;.<\/p>\n<p style=\"text-align: justify;\">En la prueba de GV, el triunfo fue para la j\u00f3ven amazona del Centro H\u00edpico El Bocal, <strong>Ana Fern\u00e1ndez de Velasco<\/strong> con el veterano &#8216;Eole D&#8217;Arbaz&#8217;, mientras que, <strong>Lara Incera Alonso<\/strong> se impon\u00eda en la prueba open de GV con &#8216;Maisec&#8217;.<\/p>\n<p style=\"text-align: justify;\">Las pr\u00f3ximas citas nacionales ser\u00e1n el <strong>CSN3*Astillero<\/strong> que se celebra durante el 27,28 y 29 de junio, y una semana despu\u00e9s, se celebrar\u00e1 en la capital c\u00e1ntabra, el <strong>CSN3*\u00a0Santander<\/strong>, que se disputar\u00e1 en un entorno \u00fanico, como es la Pen\u00ednsula de La Magdalena del 4 al 6 de julio de 2014.<\/p>\n","protected":false},"excerpt":{"rendered":"<p>I\u00f1igo Gonz\u00e1lez con &#8216;Eloena&#8217; gan\u00f3 la prueba de 1.20 metros<\/p>\n","protected":false},"author":1,"featured_media":2065,"comment_status":"closed","ping_status":"closed","sticky":false,"template":"","format":"standard","meta":{"kt_blocks_editor_width":"","_jetpack_memberships_contains_paid_content":false,"footnotes":"","jetpack_publicize_message":"","jetpack_publicize_feature_enabled":true,"jetpack_social_post_already_shared":false,"jetpack_social_options":{"image_generator_settings":{"template":"highway","default_image_id":0,"font":"","enabled":false},"version":2}},"categories":[6],"tags":[],"class_list":["post-2063","post","type-post","status-publish","format-standard","has-post-thumbnail","hentry","category-noticias"],"jetpack_publicize_connections":[],"jetpack_featured_media_url":"https:\/\/i0.wp.com\/federacioncantabradehipica.com\/web\/wp-content\/uploads\/2014\/06\/10482473_10201572186821354_1098517317591891502_n.jpg?fit=960%2C720&ssl=1","jetpack_sharing_enabled":true,"jetpack_shortlink":"https:\/\/wp.me\/p3jrBv-xh","jetpack_likes_enabled":false,"_links":{"self":[{"href":"https:\/\/federacioncantabradehipica.com\/web\/index.php?rest_route=\/wp\/v2\/posts\/2063","targetHints":{"allow":["GET"]}}],"collection":[{"href":"https:\/\/federacioncantabradehipica.com\/web\/index.php?rest_route=\/wp\/v2\/posts"}],"about":[{"href":"https:\/\/federacioncantabradehipica.com\/web\/index.php?rest_route=\/wp\/v2\/types\/post"}],"author":[{"embeddable":true,"href":"https:\/\/federacioncantabradehipica.com\/web\/index.php?rest_route=\/wp\/v2\/users\/1"}],"replies":[{"embeddable":true,"href":"https:\/\/federacioncantabradehipica.com\/web\/index.php?rest_route=%2Fwp%2Fv2%2Fcomments&post=2063"}],"version-history":[{"count":2,"href":"https:\/\/federacioncantabradehipica.com\/web\/index.php?rest_route=\/wp\/v2\/posts\/2063\/revisions"}],"predecessor-version":[{"id":2067,"href":"https:\/\/federacioncantabradehipica.com\/web\/index.php?rest_route=\/wp\/v2\/posts\/2063\/revisions\/2067"}],"wp:featuredmedia":[{"embeddable":true,"href":"https:\/\/federacioncantabradehipica.com\/web\/index.php?rest_route=\/wp\/v2\/media\/2065"}],"wp:attachment":[{"href":"https:\/\/federacioncantabradehipica.com\/web\/index.php?rest_route=%2Fwp%2Fv2%2Fmedia&parent=2063"}],"wp:term":[{"taxonomy":"category","embeddable":true,"href":"https:\/\/federacioncantabradehipica.com\/web\/index.php?rest_route=%2Fwp%2Fv2%2Fcategories&post=2063"},{"taxonomy":"post_tag","embeddable":true,"href":"https:\/\/federacioncantabradehipica.com\/web\/index.php?rest_route=%2Fwp%2Fv2%2Ftags&post=2063"}],"curies":[{"name":"wp","href":"https:\/\/api.w.org\/{rel}","templated":true}]}}