{"id":2068,"date":"2014-06-16T12:46:15","date_gmt":"2014-06-16T10:46:15","guid":{"rendered":"http:\/\/federacioncantabradehipica.com\/web\/?p=2068"},"modified":"2014-06-16T12:46:43","modified_gmt":"2014-06-16T10:46:43","slug":"abierto-el-plazo-de-inscripcion-del-csn3-santander","status":"publish","type":"post","link":"https:\/\/federacioncantabradehipica.com\/web\/?p=2068","title":{"rendered":"Abierto el plazo de inscripci\u00f3n del CSN3* Santander"},"content":{"rendered":"<p style=\"text-align: center;\"><em>Ya est\u00e1 abierto el plazo de inscripci\u00f3n de una de las citas m\u00e1s esperadas del verano, el Concurso de Saltos Nacional 3* de Santander, que se disputar\u00e1 el 4,5 y 6 de julio en La Magdalena.\u00a0<\/em><!--more--><\/p>\n<p style=\"text-align: justify;\">Durante la primera hora, se han matriculado m\u00e1s de una treintena de caballos en las pruebas oficiales, destacando a un amplio n\u00famero de jinetes y amazonas de Madrid<\/p>\n<p>Recordamos que el n\u00famero m\u00e1ximo de caballos en las pr<span class=\"text_exposed_show\">uebas oficiales es de 180 caballos y en las complementarias de 30 caballos. Las inscripciones de las pruebas oficiales se deben de realizar a trav\u00e9s de la Real Federaci\u00f3n H\u00edpica Espa\u00f1ola, mientras que, las complementarias a trav\u00e9s de la Federaci\u00f3n C\u00e1ntabra de H\u00edpica.<\/span><\/p>\n<p>Debido a la gran demanda, recomendamos realizar el pago correspondiente de las matr\u00edculas para asegurar la plaza de inscripci\u00f3n. En la relaci\u00f3n de inscritos de la RFHE, solo aparecen aquellos jinetes y amazonas que ya han realizado el pago.<\/p>\n<ul>\n<li><a href=\"http:\/\/federacioncantabradehipica.com\/web\/?p=1592\">Inscripci\u00f3n<\/a><\/li>\n<li><a href=\"http:\/\/federacioncantabradehipica.com\/web\/?p=1592\">Avance de programa<\/a><\/li>\n<\/ul>\n","protected":false},"excerpt":{"rendered":"<p>Ya est\u00e1 abierto el plazo de inscripci\u00f3n de una de las citas m\u00e1s esperadas del verano, el Concurso de Saltos Nacional 3* de Santander, que se disputar\u00e1 el 4,5 y 6 de julio en La Magdalena.\u00a0<\/p>\n","protected":false},"author":1,"featured_media":1768,"comment_status":"closed","ping_status":"closed","sticky":false,"template":"","format":"standard","meta":{"kt_blocks_editor_width":"","_jetpack_memberships_contains_paid_content":false,"footnotes":"","jetpack_publicize_message":"","jetpack_publicize_feature_enabled":true,"jetpack_social_post_already_shared":false,"jetpack_social_options":{"image_generator_settings":{"template":"highway","default_image_id":0,"font":"","enabled":false},"version":2}},"categories":[6],"tags":[],"class_list":["post-2068","post","type-post","status-publish","format-standard","has-post-thumbnail","hentry","category-noticias"],"jetpack_publicize_connections":[],"jetpack_featured_media_url":"https:\/\/i0.wp.com\/federacioncantabradehipica.com\/web\/wp-content\/uploads\/2014\/03\/cartel-2014.png?fit=552%2C586&ssl=1","jetpack_sharing_enabled":true,"jetpack_shortlink":"https:\/\/wp.me\/p3jrBv-xm","jetpack_likes_enabled":false,"_links":{"self":[{"href":"https:\/\/federacioncantabradehipica.com\/web\/index.php?rest_route=\/wp\/v2\/posts\/2068","targetHints":{"allow":["GET"]}}],"collection":[{"href":"https:\/\/federacioncantabradehipica.com\/web\/index.php?rest_route=\/wp\/v2\/posts"}],"about":[{"href":"https:\/\/federacioncantabradehipica.com\/web\/index.php?rest_route=\/wp\/v2\/types\/post"}],"author":[{"embeddable":true,"href":"https:\/\/federacioncantabradehipica.com\/web\/index.php?rest_route=\/wp\/v2\/users\/1"}],"replies":[{"embeddable":true,"href":"https:\/\/federacioncantabradehipica.com\/web\/index.php?rest_route=%2Fwp%2Fv2%2Fcomments&post=2068"}],"version-history":[{"count":2,"href":"https:\/\/federacioncantabradehipica.com\/web\/index.php?rest_route=\/wp\/v2\/posts\/2068\/revisions"}],"predecessor-version":[{"id":2070,"href":"https:\/\/federacioncantabradehipica.com\/web\/index.php?rest_route=\/wp\/v2\/posts\/2068\/revisions\/2070"}],"wp:featuredmedia":[{"embeddable":true,"href":"https:\/\/federacioncantabradehipica.com\/web\/index.php?rest_route=\/wp\/v2\/media\/1768"}],"wp:attachment":[{"href":"https:\/\/federacioncantabradehipica.com\/web\/index.php?rest_route=%2Fwp%2Fv2%2Fmedia&parent=2068"}],"wp:term":[{"taxonomy":"category","embeddable":true,"href":"https:\/\/federacioncantabradehipica.com\/web\/index.php?rest_route=%2Fwp%2Fv2%2Fcategories&post=2068"},{"taxonomy":"post_tag","embeddable":true,"href":"https:\/\/federacioncantabradehipica.com\/web\/index.php?rest_route=%2Fwp%2Fv2%2Ftags&post=2068"}],"curies":[{"name":"wp","href":"https:\/\/api.w.org\/{rel}","templated":true}]}}