{"id":2108,"date":"2014-06-29T22:05:18","date_gmt":"2014-06-29T20:05:18","guid":{"rendered":"http:\/\/federacioncantabradehipica.com\/web\/?p=2108"},"modified":"2014-06-29T22:05:18","modified_gmt":"2014-06-29T20:05:18","slug":"buenos-resultados-de-cantabria-en-el-campeonato-de-espana-de-ponis","status":"publish","type":"post","link":"https:\/\/federacioncantabradehipica.com\/web\/?p=2108","title":{"rendered":"Buenos resultados de Cantabria en el Campeonato de Espa\u00f1a de Ponis"},"content":{"rendered":"<p style=\"text-align: center;\">Finaliz\u00f3 el XXVI Campeonato de Espa\u00f1a de Equitaci\u00f3n con Ponis 2014 con buenos resultados para los jinetes y amazonas de la Federaci\u00f3n C\u00e1ntabra de H\u00edpica en las disciplinas de Salto de Obst\u00e1culos y Completo.<!--more--><\/p>\n<p>La joven amazona del Centro H\u00edpico El Bocal, <strong>Ana Fern\u00e1ndez de Velasco<\/strong> termin\u00f3 cuarta con &#8216;Cuco&#8217;, qued\u00e1ndose a 0.27 cent\u00e9simas de conseguir la medalla de bronce de la categor\u00eda de Ponis A.<\/p>\n<p><strong>Mar\u00eda Le\u00f3n Gonz\u00e1lez<\/strong> finaliz\u00f3 cuarta con &#8216;Stormy Mc Garry&#8217; en la categor\u00eda individual de &#8216;Ponis D&#8217;. La amazona de &#8216;Equus Jaime Su\u00e1rez&#8217; finaliz\u00f3 primera en dos de las tres pruebas oficiales disputadas.<\/p>\n<p>Destacado resultado tambi\u00e9n para <strong>Jimena Garc\u00eda Rueda<\/strong>, la joven amazona con 9 a\u00f1os reci\u00e9n cumplidos, entr\u00f3 a la final en la categor\u00eda de ponis A con &#8216;Chuqui&#8217;, y consigui\u00f3 el tercer puesto en el &#8216;Crit\u00e9rium&#8217; de Ponis C con &#8216;Mandarina&#8217;<\/p>\n<p>En la disciplina de Salto de Obst\u00e1culo, tambi\u00e9n participaron <strong>Cayetana Quevedo Pe\u00f1a<\/strong> (Ponis B), <strong>Pablo Gonz\u00e1lez L\u00f3pez<\/strong> (Ponis B), <strong>Luisa Peral Guti\u00e9rrez<\/strong> (Ponis C), <strong>Marta Morlote Fombellida<\/strong> (Ponis C), <strong>Cecilia Su\u00e1rez Lastra<\/strong> (Ponis C) y <strong>Elena Ruiz Fern\u00e1ndez<\/strong> (Ponis D).<\/p>\n<p>En &#8216;Completo&#8217;, participaron los jinetes y amazonas del Centro Ecuestre La Gerencia: <strong>Juli\u00e1n Vinuesa Gallego<\/strong>, <strong>Alba Mart\u00ednez Angoitia<\/strong> y <strong>Karmele Ruiz Garc\u00eda<\/strong>.<\/p>\n<p style=\"text-align: right;\"><em>En la fotograf\u00eda, la amazona c\u00e1ntabra Jimena Garc\u00eda Rueda.<\/em><\/p>\n","protected":false},"excerpt":{"rendered":"<p>Finaliz\u00f3 el XXVI Campeonato de Espa\u00f1a de Equitaci\u00f3n con Ponis 2014 con buenos resultados para los jinetes y amazonas de la Federaci\u00f3n C\u00e1ntabra de H\u00edpica en las disciplinas de Salto de Obst\u00e1culos y Completo.<\/p>\n","protected":false},"author":1,"featured_media":2109,"comment_status":"closed","ping_status":"closed","sticky":false,"template":"","format":"standard","meta":{"kt_blocks_editor_width":"","_jetpack_memberships_contains_paid_content":false,"footnotes":"","jetpack_publicize_message":"","jetpack_publicize_feature_enabled":true,"jetpack_social_post_already_shared":false,"jetpack_social_options":{"image_generator_settings":{"template":"highway","default_image_id":0,"font":"","enabled":false},"version":2}},"categories":[6],"tags":[],"class_list":["post-2108","post","type-post","status-publish","format-standard","has-post-thumbnail","hentry","category-noticias"],"jetpack_publicize_connections":[],"jetpack_featured_media_url":"https:\/\/i0.wp.com\/federacioncantabradehipica.com\/web\/wp-content\/uploads\/2014\/06\/image.jpeg?fit=787%2C800&ssl=1","jetpack_sharing_enabled":true,"jetpack_shortlink":"https:\/\/wp.me\/p3jrBv-y0","jetpack_likes_enabled":false,"_links":{"self":[{"href":"https:\/\/federacioncantabradehipica.com\/web\/index.php?rest_route=\/wp\/v2\/posts\/2108","targetHints":{"allow":["GET"]}}],"collection":[{"href":"https:\/\/federacioncantabradehipica.com\/web\/index.php?rest_route=\/wp\/v2\/posts"}],"about":[{"href":"https:\/\/federacioncantabradehipica.com\/web\/index.php?rest_route=\/wp\/v2\/types\/post"}],"author":[{"embeddable":true,"href":"https:\/\/federacioncantabradehipica.com\/web\/index.php?rest_route=\/wp\/v2\/users\/1"}],"replies":[{"embeddable":true,"href":"https:\/\/federacioncantabradehipica.com\/web\/index.php?rest_route=%2Fwp%2Fv2%2Fcomments&post=2108"}],"version-history":[{"count":1,"href":"https:\/\/federacioncantabradehipica.com\/web\/index.php?rest_route=\/wp\/v2\/posts\/2108\/revisions"}],"predecessor-version":[{"id":2110,"href":"https:\/\/federacioncantabradehipica.com\/web\/index.php?rest_route=\/wp\/v2\/posts\/2108\/revisions\/2110"}],"wp:featuredmedia":[{"embeddable":true,"href":"https:\/\/federacioncantabradehipica.com\/web\/index.php?rest_route=\/wp\/v2\/media\/2109"}],"wp:attachment":[{"href":"https:\/\/federacioncantabradehipica.com\/web\/index.php?rest_route=%2Fwp%2Fv2%2Fmedia&parent=2108"}],"wp:term":[{"taxonomy":"category","embeddable":true,"href":"https:\/\/federacioncantabradehipica.com\/web\/index.php?rest_route=%2Fwp%2Fv2%2Fcategories&post=2108"},{"taxonomy":"post_tag","embeddable":true,"href":"https:\/\/federacioncantabradehipica.com\/web\/index.php?rest_route=%2Fwp%2Fv2%2Ftags&post=2108"}],"curies":[{"name":"wp","href":"https:\/\/api.w.org\/{rel}","templated":true}]}}