{"id":2163,"date":"2014-07-04T23:09:58","date_gmt":"2014-07-04T21:09:58","guid":{"rendered":"http:\/\/federacioncantabradehipica.com\/web\/?p=2163"},"modified":"2014-07-09T10:42:25","modified_gmt":"2014-07-09T08:42:25","slug":"la-magdalena-se-quedo-pequena-en-la-primera-jornada-del-csn3-santander","status":"publish","type":"post","link":"https:\/\/federacioncantabradehipica.com\/web\/?p=2163","title":{"rendered":"La Magdalena se qued\u00f3 peque\u00f1a en la primera jornada del CSN3* Santander"},"content":{"rendered":"<p style=\"text-align: center;\"><em>Iv\u00e1n Serrano\u00a0logr\u00f3 la victoria en la <strong>Prueba BMW Gr\u00fcnblau<\/strong>\u00a0de 1.35 metros con \u2018Al Paccio\u2019. Las gradas se quedaron peque\u00f1as en una jornada con dominio c\u00e1ntabro en la prueba de 1.20 y asturiano en la de 1.30 metros<\/em><!--more--><\/p>\n<p><strong>Iv\u00e1n Serrano S\u00e1ez<\/strong>, jinete vasco afincado desde hace dos a\u00f1os en las instalaciones c\u00e1ntabras del Centro H\u00edpico El Bocal, registr\u00f3 el mejor tiempo de la prueba grande de la primera jornada patrocinada por BMW Gr\u00fcnblau Motor con el caballo CDE \u2018Al Paccio\u2019. La amazona vasca, <strong>Miriam Gallardo Olano<\/strong>, finaliz\u00f3 segunda con \u2018Laurier Du Reverdy\u2019, mientras que, tercero acab\u00f3 el militar <strong>Juan Queipo de Llano<\/strong> con \u2018Capote\u2019.<\/p>\n<p>Un total de 28 jinetes y amazonas tomaron salida en una prueba de dos fases bajo el baremo A con cron\u00f3metro, con el dise\u00f1o de pista del c\u00e1ntabro Alfonso Bringas, en donde, tan solo diez participantes entraron en la segunda fase del recorrido de altura m\u00e1xima de 1.35 metros.<\/p>\n<p><strong>VICTORIA ASTURIANA EN LA PRUEBA SEGUROS DIEZ MATABUENA<\/strong><\/p>\n<p>En la prueba patrocinada por \u2018<strong>Seguros D\u00edez Matabuena\u2019<\/strong>, en donde solo hubo seis ceros, la victoria se fue hasta tierras asturianas de la mano de la amazona <strong>Teresa Arias Cuevas<\/strong> con \u2018Roger Moore B\u2019, segundo finaliz\u00f3 el jinete militar, <strong>Juan de la Cruz Queipo de Llano<\/strong> con un caballo criado en tierras c\u00e1ntabras \u2018Delf\u00edn de Ibio\u2019. Tercero termin\u00f3 <strong>Gonzalo Busca Roca<\/strong> con \u2018Samsara de Lurberri\u2019.<\/p>\n<p><strong>TRIUNFO C\u00c1NTABRO EN LA PRUEBA IMD SANTANDER<\/strong><\/p>\n<p>La amazona c\u00e1ntabra, <strong>Paola Pel\u00e1ez Fern\u00e1ndez<\/strong>, se adjudic\u00f3 la prueba IMD Santander de altura m\u00e1xima 1.20 metros con \u2018Berona\u2019 despu\u00e9s de sumar el mejor tiempo en un recorrido sin falta (51.65), en donde se registraron un total de 18 ceros entre los 73 participantes. Segunda finaliz\u00f3 <strong>Nerea Onaindia Barroeta<\/strong> con \u2018Okaya de Gautray\u2019 y tercera la c\u00e1ntabra <strong>Alejandra Mart\u00edn del Campo<\/strong> con \u2018Ornella A\u2019.<\/p>\n<p>Ma\u00f1ana s\u00e1bado, la jornada h\u00edpica dar\u00e1 comienzo tambi\u00e9n a las 9.30h con la prueba de promoci\u00f3n destinada al p\u00fablico m\u00e1s joven, patrocinada por \u2018<strong>Educo Cantabria\u2019. <\/strong>Seguidamente, se dar\u00e1 paso a la <strong>prueba \u2018Ambulancias Amberne\u2019<\/strong> de altura m\u00e1xima 1.10 metros. A partir de las 12.00h dar\u00e1 comienzo la <strong>prueba \u2018Canalsa\u2019<\/strong> de 1.20 metros, que contar\u00e1 con m\u00e1s de 70 salidas a pista.<\/p>\n<p>Por la tarde, se celebrar\u00e1 las dos pruebas \u2018grandes\u2019 de la jornada, a\u00a0 las 16.30h aproximadamente se disputar\u00e1 la prueba de 1.35 metros patrocinada por <strong>\u2018Carbones Carlomar\u2019.<\/strong> Con la disputa del Peque\u00f1o Gran Premio \u2018<strong>Gobierno de Cantabria\u2019<\/strong> de altura m\u00e1xima 1.30 metros terminar\u00e1 la segunda jornada del Concurso de Saltos Nacional, cuyo comienzo ser\u00e1 a las 18 horas. El Gran Premio Excmo. Ayuntamiento de Santander de 1.40 metros, se celebrar\u00e1 el domingo a partir de las 18 horas.<\/p>\n<p>Durante tres intensas jornadas todos los aficionados y visitantes est\u00e1n disfrutando de un evento deportivo de primer nivel en un entorno \u00fanico como es La Magdalena. La <strong>entrada<\/strong> es totalmente <strong>gratuita<\/strong> y se dispone de distintos servicios para el p\u00fablico, como <strong>gradas<\/strong>, <strong>cafeter\u00eda<\/strong>, <strong>zona VIP<\/strong>, \u00a0el servicio de <strong>apuestas<\/strong> y un amplio <strong>village comercial<\/strong>.<\/p>\n<p><strong>\u00a0<\/strong>El CSN3* Santander cuenta con m\u00e1s de 200 caballos, una cifra de r\u00e9cord, que supera notablemente el n\u00famero de inscritos respecto a la edici\u00f3n del 2.013, en donde destaca una amplia presencia de jinetes y amazonas llegados desde el Pa\u00eds Vasco, Asturias, Madrid, Castilla y Le\u00f3n, Navarra, Arag\u00f3n, La Rioja, Catalunya y Cantabria.<\/p>\n<p><strong>S\u00c1BADO\u00a0D\u00cdA 5<\/strong><br \/>\n-Prueba EDUCO\u00a0CANTABRIA\u00a0(0.70m). 9:30 h<br \/>\n-Prueba AMBULANCIAS AMBERNE\u00a0(1.10m). 10:45h<br \/>\n-Prueba CANALSA. (1.20m) 12:00h<br \/>\n-Prueba CARBONES CARLOMAR\u00a0(1.35m). 16:00h<br \/>\n-Prueba PEQUE\u00d1O GP. GOBIERNO DE CANTABRIA\u00a0(1.30m) 18:00h<\/p>\n<ul>\n<li><a href=\"http:\/\/federacioncantabradehipica.com\/web\/?p=1592\">\u00d3rdenes de salida<\/a><\/li>\n<li><a href=\"http:\/\/federacioncantabradehipica.com\/web\/?p=1592\">Resultados<\/a><\/li>\n<\/ul>\n<p><iframe loading=\"lazy\" src=\"\/\/www.youtube.com\/embed\/RJ4B_-Bv9mI?rel=0\" width=\"400\" height=\"225\" frameborder=\"0\" allowfullscreen=\"allowfullscreen\"><\/iframe><\/p>\n","protected":false},"excerpt":{"rendered":"<p>Iv\u00e1n Serrano\u00a0logr\u00f3 la victoria en la Prueba BMW Gr\u00fcnblau\u00a0de 1.35 metros con \u2018Al Paccio\u2019. Las gradas se quedaron peque\u00f1as en una jornada con dominio c\u00e1ntabro en la prueba de 1.20 y asturiano en la de 1.30 metros<\/p>\n","protected":false},"author":1,"featured_media":2164,"comment_status":"closed","ping_status":"closed","sticky":false,"template":"","format":"standard","meta":{"kt_blocks_editor_width":"","_jetpack_memberships_contains_paid_content":false,"footnotes":"","jetpack_publicize_message":"","jetpack_publicize_feature_enabled":true,"jetpack_social_post_already_shared":false,"jetpack_social_options":{"image_generator_settings":{"template":"highway","default_image_id":0,"font":"","enabled":false},"version":2}},"categories":[6],"tags":[],"class_list":["post-2163","post","type-post","status-publish","format-standard","has-post-thumbnail","hentry","category-noticias"],"jetpack_publicize_connections":[],"jetpack_featured_media_url":"https:\/\/i0.wp.com\/federacioncantabradehipica.com\/web\/wp-content\/uploads\/2014\/07\/PLP_9344.jpg?fit=2000%2C1334&ssl=1","jetpack_sharing_enabled":true,"jetpack_shortlink":"https:\/\/wp.me\/p3jrBv-yT","jetpack_likes_enabled":false,"_links":{"self":[{"href":"https:\/\/federacioncantabradehipica.com\/web\/index.php?rest_route=\/wp\/v2\/posts\/2163","targetHints":{"allow":["GET"]}}],"collection":[{"href":"https:\/\/federacioncantabradehipica.com\/web\/index.php?rest_route=\/wp\/v2\/posts"}],"about":[{"href":"https:\/\/federacioncantabradehipica.com\/web\/index.php?rest_route=\/wp\/v2\/types\/post"}],"author":[{"embeddable":true,"href":"https:\/\/federacioncantabradehipica.com\/web\/index.php?rest_route=\/wp\/v2\/users\/1"}],"replies":[{"embeddable":true,"href":"https:\/\/federacioncantabradehipica.com\/web\/index.php?rest_route=%2Fwp%2Fv2%2Fcomments&post=2163"}],"version-history":[{"count":2,"href":"https:\/\/federacioncantabradehipica.com\/web\/index.php?rest_route=\/wp\/v2\/posts\/2163\/revisions"}],"predecessor-version":[{"id":2200,"href":"https:\/\/federacioncantabradehipica.com\/web\/index.php?rest_route=\/wp\/v2\/posts\/2163\/revisions\/2200"}],"wp:featuredmedia":[{"embeddable":true,"href":"https:\/\/federacioncantabradehipica.com\/web\/index.php?rest_route=\/wp\/v2\/media\/2164"}],"wp:attachment":[{"href":"https:\/\/federacioncantabradehipica.com\/web\/index.php?rest_route=%2Fwp%2Fv2%2Fmedia&parent=2163"}],"wp:term":[{"taxonomy":"category","embeddable":true,"href":"https:\/\/federacioncantabradehipica.com\/web\/index.php?rest_route=%2Fwp%2Fv2%2Fcategories&post=2163"},{"taxonomy":"post_tag","embeddable":true,"href":"https:\/\/federacioncantabradehipica.com\/web\/index.php?rest_route=%2Fwp%2Fv2%2Ftags&post=2163"}],"curies":[{"name":"wp","href":"https:\/\/api.w.org\/{rel}","templated":true}]}}