{"id":2166,"date":"2014-07-05T21:10:16","date_gmt":"2014-07-05T19:10:16","guid":{"rendered":"http:\/\/federacioncantabradehipica.com\/web\/?p=2166"},"modified":"2014-07-09T10:42:16","modified_gmt":"2014-07-09T08:42:16","slug":"ivan-serrano-vuelve-a-ser-protagonista-en-la-magdalena","status":"publish","type":"post","link":"https:\/\/federacioncantabradehipica.com\/web\/?p=2166","title":{"rendered":"Iv\u00e1n Serrano vuelve a ser protagonista en La Magdalena"},"content":{"rendered":"<p style=\"text-align: center;\"><em>El jinete vasco afincado a Cantabria se adjudica la prueba grande de la segunda jornada del CSN3* Santander y termin\u00f3 segundo y tercero en el Peque\u00f1o Gran Premio \u2018Gobierno de Cantabria\u2019, en donde gan\u00f3 Teresa Arias Cuevas.\u00a0<\/em><!--more--><\/p>\n<p style=\"text-align: justify;\">Por segunda jornada consecutiva, la Campa de La Magdalena se volvi\u00f3 a quedar peque\u00f1a para ver las diferentes pruebas oficiales y complementarias del Concurso de Saltos Nacional 3* Santander. Al igual que el viernes, Iv\u00e1n Serrano S\u00e1ez, jinete afincado a tierras c\u00e1ntabras, se adjudic\u00f3 la prueba grande de la jornada patrocinada por Carbones Carlomar, altura m\u00e1xima 1.35 metros, con el caballo \u2018Adea\u2019.<\/p>\n<p style=\"text-align: justify;\">El jinete c\u00e1ntabro de la Yeguada G\u00fcemes, <strong>Borja Villal\u00f3n Puras<\/strong>, ocup\u00f3 el segundo y tercer puesto con \u00bbVaffer Della Monica\u00bb y \u00bbQuintus\u00bb, respectivamente, qued\u00e1ndose a dos segundos de la victoria de la prueba grande de la jornada. Ambos llegan como favoritos para el Gran Premio Excmo. Ayuntamiento de Santander que se disputa ma\u00f1ana domingo a partir de las 19 horas.<\/p>\n<p style=\"text-align: justify;\"><strong>TERESA ARIAS CUEVAS, GANADORA \u00a0DEL PEQUE\u00d1O GRAN PREMIO GOBIERNO DE CANTABRIA<\/strong><\/p>\n<p style=\"text-align: justify;\">La segunda jornada del Concurso de Saltos Nacional 3* Santander finaliz\u00f3 con la victoria de Teresa Arias Cuevas, que en la primera jornada tambi\u00e9n gan\u00f3 la prueba \u2018Seguros Diez Matabuena\u2019. La amazona asturiana registr\u00f3 el mejor tiempo entre los \u00fanicos cinco \u2018ceros\u2019 que lucharon por la victoria en el desempate. El gran protagonista del CSN 3* Santander, Iv\u00e1n Serrano, finaliz\u00f3 segundo y tercero con el caballo criado en Cantabria \u2018Lancomet de Saro\u2019 y con \u2018Al-Nitakan\u2019, respectivamente. La prueba se tuvo que parar durante quince minutos debido a la ca\u00edda en la pista de calentamiento de Pablo Mardones de la Cruz. Javier Soler, Director General de Deportes del Gobierno de Cantabria hizo la entrega de los premios<\/p>\n<p style=\"text-align: justify;\"><strong>EL C\u00c1NTABRO SAUL GUTERREZ OT\u00cd SE LLEVA LA PRUEBA CANALSA<\/strong><\/p>\n<p style=\"text-align: justify;\">El jinete c\u00e1ntabro, <strong>Sa\u00fal Guti\u00e9rrez Ot\u00ed<\/strong>, se adjudic\u00f3 la prueba Canalsa de altura m\u00e1xima 1.20 metros con \u2018Dime de Goz\u00f3n\u2019 despu\u00e9s de sumar el mejor tiempo en un recorrido sin falta (48,46), en donde se registraron un total de trece ceros entre los 73 participantes. Segunda finaliz\u00f3 <strong>Laura Junquera Bedia<\/strong> con \u2018Class ACT\u2019 y tercera la riojana <strong>Roc\u00edo L\u00e1zaro Alonso<\/strong> con \u2018Ebro\u2019.<\/p>\n<p style=\"text-align: justify;\">Anteriormente a las pruebas oficiales, se celebraron la prueba de promoci\u00f3n patrocinada por \u2018Educo \u2013 Jumping Clay Cantabria\u2019 y la prueba de 1.10 metros \u2018Ambulancias Amberne\u2019.<\/p>\n<p style=\"text-align: justify;\">Ma\u00f1ana domingo, la jornada h\u00edpica dar\u00e1 comienzo tambi\u00e9n a las 9.30h con la prueba de promoci\u00f3n destinada al p\u00fablico m\u00e1s joven, patrocinada por \u2018<strong>McDonald\u2019s Cantabria\u2019. <\/strong>Seguidamente, se dar\u00e1 paso a la <strong>prueba \u2018Hotel Palacio del Mar\u2019<\/strong> de altura m\u00e1xima 1.10 metros. A partir de las 13.00h dar\u00e1 comienzo la <strong>prueba \u2018Conservas Fredo\u2019<\/strong> de 1.20 metros, que contar\u00e1 con m\u00e1s de 70 salidas a pista.<\/p>\n<p style=\"text-align: justify;\">Por la tarde, se celebrar\u00e1 las dos pruebas \u2018grandes\u2019 de la \u00faltima jornada del Concurso de Saltos Nacional 3* Santander, a\u00a0 las 16.30h aproximadamente se disputar\u00e1 la prueba de 1.30 metros patrocinada por \u2018<strong>Eventyclick \u2013 ABV Asesor\u00eda\u2019. <\/strong>Y para concluir con la edici\u00f3n 2014 del CSN 3* Santander, se celebrar\u00e1 la prueba m\u00e1s importante de todo el fin de semana, el \u2018<strong>Gran Premio Excmo. Ayuntamiento de Santander\u2019<\/strong> de altura 1.40 metros con dos mangas diferentes, que cuenta con un total de 4.800\u20ac en premios met\u00e1licos, de los cuales, 1.400\u20ac ser\u00e1 para el ganador .<\/p>\n<p style=\"text-align: justify;\">Durante tres intensas jornadas todos los aficionados y visitantes est\u00e1n disfrutando de un evento deportivo de primer nivel en un entorno \u00fanico como es La Magdalena. La <strong>entrada<\/strong> es totalmente <strong>gratuita<\/strong> y se dispone de distintos servicios para el p\u00fablico, como <strong>gradas<\/strong>, <strong>cafeter\u00eda<\/strong>, <strong>zona VIP<\/strong>, \u00a0el servicio de <strong>apuestas<\/strong> y un amplio <strong>village comercial<\/strong>.<\/p>\n<p style=\"text-align: justify;\">El CSN3* Santander cuenta con m\u00e1s de 200 caballos, una cifra de r\u00e9cord, que supera notablemente el n\u00famero de inscritos respecto a la edici\u00f3n del 2.013, en donde destaca una amplia presencia de jinetes y amazonas llegados desde el Pa\u00eds Vasco, Asturias, Madrid, Castilla y Le\u00f3n, Navarra, Arag\u00f3n, La Rioja, Catalunya y Cantabria.<\/p>\n<p style=\"text-align: left;\"><strong>DOMINGO\u00a0D\u00cdA 6<\/strong><br \/>\n-Prueba MCDONALD\u2019S\u00a0CANTABRIA\u00a0(0.70m). 9:30 h<br \/>\n-Prueba HOTEL PALACIO DEL MAR\u00a0(1.10m). 10:45h<br \/>\n-Prueba CONSERVAS FREDO. (1.20m) 13:00h<br \/>\n-Prueba EVENTYCLICK &#8211; ABV ASESOR\u00cdA (1.30m). 16:30h<br \/>\n-Prueba GRAN PREMIO EXCMO. AYTO. DE SANTANDER\u00a0(1.40m) 19:00h<\/p>\n<ul>\n<li><a href=\"http:\/\/federacioncantabradehipica.com\/web\/?p=1592\">\u00d3rdenes de salida<\/a><\/li>\n<li><a href=\"http:\/\/federacioncantabradehipica.com\/web\/?p=1592\">Resultados<\/a><\/li>\n<\/ul>\n<p><iframe loading=\"lazy\" src=\"\/\/www.youtube.com\/embed\/RJ4B_-Bv9mI?rel=0\" width=\"400\" height=\"225\" frameborder=\"0\" allowfullscreen=\"allowfullscreen\"><\/iframe><\/p>\n","protected":false},"excerpt":{"rendered":"<p>El jinete vasco afincado a Cantabria se adjudica la prueba grande de la segunda jornada del CSN3* Santander y termin\u00f3 segundo y tercero en el Peque\u00f1o Gran Premio \u2018Gobierno de Cantabria\u2019, en donde gan\u00f3 Teresa Arias Cuevas.\u00a0<\/p>\n","protected":false},"author":1,"featured_media":2169,"comment_status":"closed","ping_status":"closed","sticky":false,"template":"","format":"standard","meta":{"kt_blocks_editor_width":"","_jetpack_memberships_contains_paid_content":false,"footnotes":"","jetpack_publicize_message":"","jetpack_publicize_feature_enabled":true,"jetpack_social_post_already_shared":false,"jetpack_social_options":{"image_generator_settings":{"template":"highway","default_image_id":0,"font":"","enabled":false},"version":2}},"categories":[6],"tags":[],"class_list":["post-2166","post","type-post","status-publish","format-standard","has-post-thumbnail","hentry","category-noticias"],"jetpack_publicize_connections":[],"jetpack_featured_media_url":"https:\/\/i0.wp.com\/federacioncantabradehipica.com\/web\/wp-content\/uploads\/2014\/07\/PLP_0034.jpg?fit=640%2C426&ssl=1","jetpack_sharing_enabled":true,"jetpack_shortlink":"https:\/\/wp.me\/p3jrBv-yW","jetpack_likes_enabled":false,"_links":{"self":[{"href":"https:\/\/federacioncantabradehipica.com\/web\/index.php?rest_route=\/wp\/v2\/posts\/2166","targetHints":{"allow":["GET"]}}],"collection":[{"href":"https:\/\/federacioncantabradehipica.com\/web\/index.php?rest_route=\/wp\/v2\/posts"}],"about":[{"href":"https:\/\/federacioncantabradehipica.com\/web\/index.php?rest_route=\/wp\/v2\/types\/post"}],"author":[{"embeddable":true,"href":"https:\/\/federacioncantabradehipica.com\/web\/index.php?rest_route=\/wp\/v2\/users\/1"}],"replies":[{"embeddable":true,"href":"https:\/\/federacioncantabradehipica.com\/web\/index.php?rest_route=%2Fwp%2Fv2%2Fcomments&post=2166"}],"version-history":[{"count":5,"href":"https:\/\/federacioncantabradehipica.com\/web\/index.php?rest_route=\/wp\/v2\/posts\/2166\/revisions"}],"predecessor-version":[{"id":2199,"href":"https:\/\/federacioncantabradehipica.com\/web\/index.php?rest_route=\/wp\/v2\/posts\/2166\/revisions\/2199"}],"wp:featuredmedia":[{"embeddable":true,"href":"https:\/\/federacioncantabradehipica.com\/web\/index.php?rest_route=\/wp\/v2\/media\/2169"}],"wp:attachment":[{"href":"https:\/\/federacioncantabradehipica.com\/web\/index.php?rest_route=%2Fwp%2Fv2%2Fmedia&parent=2166"}],"wp:term":[{"taxonomy":"category","embeddable":true,"href":"https:\/\/federacioncantabradehipica.com\/web\/index.php?rest_route=%2Fwp%2Fv2%2Fcategories&post=2166"},{"taxonomy":"post_tag","embeddable":true,"href":"https:\/\/federacioncantabradehipica.com\/web\/index.php?rest_route=%2Fwp%2Fv2%2Ftags&post=2166"}],"curies":[{"name":"wp","href":"https:\/\/api.w.org\/{rel}","templated":true}]}}