{"id":2233,"date":"2014-07-07T23:50:01","date_gmt":"2014-07-07T21:50:01","guid":{"rendered":"http:\/\/federacioncantabradehipica.com\/web\/?p=2233"},"modified":"2025-07-27T21:51:04","modified_gmt":"2025-07-27T19:51:04","slug":"carta-de-agradecimiento","status":"publish","type":"post","link":"https:\/\/federacioncantabradehipica.com\/web\/?p=2233","title":{"rendered":"Carta de agradecimiento"},"content":{"rendered":"<div class=\"aboveUnitContent\">\n<div class=\"userContentWrapper\">\n<div class=\"_wk\">\n<div id=\"id_53bf0ab54be763d50217720\" class=\"text_exposed_root text_exposed\" style=\"text-align: justify;\">\n<p>Desde la Federaci\u00f3n C\u00e1ntabra de H\u00edpica queremos agradecer la colaboraci\u00f3n totalmente desinteresada de todos los clubes h\u00edpicos c\u00e1ntabros federados, por la cesi\u00f3n d<span class=\"text_exposed_show\">e los ponis, los obst\u00e1culos, vallados, lonas publicitarias, personal y sobre todo, por su participaci\u00f3n, gracias a todos vosotros ha sido posible la celebraci\u00f3n de este concurso, que por segundo a\u00f1o consecutivo organizamos desde la Federaci\u00f3n C\u00e1ntabra de H\u00edpica.<\/span><\/p>\n<p>Tambi\u00e9n queremos agradecer el buen trabajo de nuestros jueces, personal de pista, jefe de prensa, secretarias, vocales de salto y sobre todo a nuestro \u00abcoordinador de servicios\u00bb Gabriel Cotero, el cual, ha estado trabajando durante los \u00faltimos 15 d\u00edas para que esta enorme infraestructura encajase a la perfecci\u00f3n, antes y durante el concurso.<\/p>\n<p>No queremos olvidarnos de todos los patrocinadores y empresas que han colaborado y confiado en nosotros, y tambi\u00e9n del importante apoyo del Excmo. Ayuntamiento de Santander, del Instituto Municipal de Deportes y del Gobierno de Cantabria.<\/p>\n<p>Solo con la uni\u00f3n y colaboraci\u00f3n de todos, es posible que una Federaci\u00f3n tan peque\u00f1a como la nuestra sea comit\u00e9 organizador de uno de los Concurso de Saltos Nacionales m\u00e1s bonitos de Espa\u00f1a.<\/p>\n<p>Muchas gracias a todos.<\/p>\n<p><strong><em>Roberto Laherr\u00e1n Fern\u00e1ndez.<\/em><\/strong><br \/>\n<strong><em>Presidente. Federaci\u00f3n C\u00e1ntabra de H\u00edpica.<\/em><\/strong><\/p>\n<\/div>\n<\/div>\n<\/div>\n<\/div>\n","protected":false},"excerpt":{"rendered":"<p>Desde la Federaci\u00f3n C\u00e1ntabra de H\u00edpica queremos agradecer la colaboraci\u00f3n totalmente desinteresada de todos los clubes h\u00edpicos c\u00e1ntabros federados, por la cesi\u00f3n de los ponis, los obst\u00e1culos, vallados, lonas publicitarias, personal y sobre todo, por su participaci\u00f3n, gracias a todos &hellip; <a href=\"https:\/\/federacioncantabradehipica.com\/web\/?p=2233\">Continuar<\/a><\/p>\n","protected":false},"author":1,"featured_media":2234,"comment_status":"closed","ping_status":"closed","sticky":false,"template":"","format":"standard","meta":{"kt_blocks_editor_width":"","_jetpack_memberships_contains_paid_content":false,"footnotes":"","jetpack_publicize_message":"","jetpack_publicize_feature_enabled":true,"jetpack_social_post_already_shared":false,"jetpack_social_options":{"image_generator_settings":{"template":"highway","default_image_id":0,"font":"","enabled":false},"version":2}},"categories":[6],"tags":[],"class_list":["post-2233","post","type-post","status-publish","format-standard","has-post-thumbnail","hentry","category-noticias"],"jetpack_publicize_connections":[],"jetpack_featured_media_url":"https:\/\/i0.wp.com\/federacioncantabradehipica.com\/web\/wp-content\/uploads\/2014\/07\/10441430_721991981170200_2863064110769773464_n.jpg?fit=960%2C711&ssl=1","jetpack_sharing_enabled":true,"jetpack_shortlink":"https:\/\/wp.me\/p3jrBv-A1","jetpack_likes_enabled":false,"_links":{"self":[{"href":"https:\/\/federacioncantabradehipica.com\/web\/index.php?rest_route=\/wp\/v2\/posts\/2233","targetHints":{"allow":["GET"]}}],"collection":[{"href":"https:\/\/federacioncantabradehipica.com\/web\/index.php?rest_route=\/wp\/v2\/posts"}],"about":[{"href":"https:\/\/federacioncantabradehipica.com\/web\/index.php?rest_route=\/wp\/v2\/types\/post"}],"author":[{"embeddable":true,"href":"https:\/\/federacioncantabradehipica.com\/web\/index.php?rest_route=\/wp\/v2\/users\/1"}],"replies":[{"embeddable":true,"href":"https:\/\/federacioncantabradehipica.com\/web\/index.php?rest_route=%2Fwp%2Fv2%2Fcomments&post=2233"}],"version-history":[{"count":2,"href":"https:\/\/federacioncantabradehipica.com\/web\/index.php?rest_route=\/wp\/v2\/posts\/2233\/revisions"}],"predecessor-version":[{"id":12225,"href":"https:\/\/federacioncantabradehipica.com\/web\/index.php?rest_route=\/wp\/v2\/posts\/2233\/revisions\/12225"}],"wp:featuredmedia":[{"embeddable":true,"href":"https:\/\/federacioncantabradehipica.com\/web\/index.php?rest_route=\/wp\/v2\/media\/2234"}],"wp:attachment":[{"href":"https:\/\/federacioncantabradehipica.com\/web\/index.php?rest_route=%2Fwp%2Fv2%2Fmedia&parent=2233"}],"wp:term":[{"taxonomy":"category","embeddable":true,"href":"https:\/\/federacioncantabradehipica.com\/web\/index.php?rest_route=%2Fwp%2Fv2%2Fcategories&post=2233"},{"taxonomy":"post_tag","embeddable":true,"href":"https:\/\/federacioncantabradehipica.com\/web\/index.php?rest_route=%2Fwp%2Fv2%2Ftags&post=2233"}],"curies":[{"name":"wp","href":"https:\/\/api.w.org\/{rel}","templated":true}]}}