{"id":2237,"date":"2014-07-07T23:55:11","date_gmt":"2014-07-07T21:55:11","guid":{"rendered":"http:\/\/federacioncantabradehipica.com\/web\/?p=2237"},"modified":"2014-07-11T00:01:08","modified_gmt":"2014-07-10T22:01:08","slug":"carta-de-agradecimiento-2","status":"publish","type":"post","link":"https:\/\/federacioncantabradehipica.com\/web\/?p=2237","title":{"rendered":"Carta de agradecimiento"},"content":{"rendered":"<div class=\"aboveUnitContent\">\n<div class=\"userContentWrapper\">\n<div class=\"_wk\">\n<div class=\"text_exposed_root text_exposed\" style=\"text-align: center;\">Carta de agradecimiento del Presidente de la Federaci\u00f3n C\u00e1ntabra de H\u00edpica<\/div>\n<\/div>\n<\/div>\n<\/div>\n<p><!--more--><\/p>\n<div class=\"text_exposed_root text_exposed\" style=\"text-align: justify;\">Desde la Federaci\u00f3n C\u00e1ntabra de H\u00edpica queremos agradecer la colaboraci\u00f3n totalmente desinteresada de todos los clubes h\u00edpicos c\u00e1ntabros federados, por la cesi\u00f3n d<span class=\"text_exposed_show\">e los ponis, los obst\u00e1culos, vallados, lonas publicitarias, personal y sobre todo, por su participaci\u00f3n, gracias a todos vosotros ha sido posible la celebraci\u00f3n de este concurso, que por segundo a\u00f1o consecutivo organizamos desde la Federaci\u00f3n C\u00e1ntabra de H\u00edpica.<\/p>\n<p>Tambi\u00e9n queremos agradecer el buen trabajo de nuestros jueces, personal de pista, jefe de prensa, secretarias, vocales de salto y sobre todo a nuestro \u00abcoordinador de servicios\u00bb Gabriel Cotero, el cual, ha estado trabajando durante los \u00faltimos 15 d\u00edas para que esta enorme infraestructura encajase a la perfecci\u00f3n, antes y durante el concurso.<\/p>\n<p>No queremos olvidarnos de todos los patrocinadores y empresas que han colaborado y confiado en nosotros, y tambi\u00e9n del importante apoyo del Excmo. Ayuntamiento de Santander, del Instituto Municipal de Deportes y del Gobierno de Cantabria.<\/p>\n<p>Solo con la uni\u00f3n y colaboraci\u00f3n de todos, es posible que una Federaci\u00f3n tan peque\u00f1a como la nuestra sea comit\u00e9 organizador de uno de los Concurso de Saltos Nacionales m\u00e1s bonitos de Espa\u00f1a.<br \/>\n<\/span><\/div>\n<div class=\"text_exposed_root text_exposed\" style=\"text-align: justify;\"><\/div>\n<div class=\"text_exposed_root text_exposed\" style=\"text-align: justify;\">Muchas gracias a todos.<\/div>\n<div id=\"id_53bf0ab54be763d50217720\" class=\"text_exposed_root text_exposed\">\n<p><strong><em>Roberto Laherr\u00e1n Fern\u00e1ndez.<\/em><\/strong><br \/>\n<strong><em>Presidente. Federaci\u00f3n C\u00e1ntabra de H\u00edpica.<\/em><\/strong><\/p>\n<\/div>\n","protected":false},"excerpt":{"rendered":"<p>Carta de agradecimiento del Presidente de la Federaci\u00f3n C\u00e1ntabra de H\u00edpica<\/p>\n","protected":false},"author":1,"featured_media":2234,"comment_status":"closed","ping_status":"closed","sticky":false,"template":"","format":"standard","meta":{"kt_blocks_editor_width":"","_jetpack_memberships_contains_paid_content":false,"footnotes":"","jetpack_publicize_message":"","jetpack_publicize_feature_enabled":true,"jetpack_social_post_already_shared":false,"jetpack_social_options":{"image_generator_settings":{"template":"highway","default_image_id":0,"font":"","enabled":false},"version":2}},"categories":[6],"tags":[],"class_list":["post-2237","post","type-post","status-publish","format-standard","has-post-thumbnail","hentry","category-noticias"],"jetpack_publicize_connections":[],"jetpack_featured_media_url":"https:\/\/i0.wp.com\/federacioncantabradehipica.com\/web\/wp-content\/uploads\/2014\/07\/10441430_721991981170200_2863064110769773464_n.jpg?fit=960%2C711&ssl=1","jetpack_sharing_enabled":true,"jetpack_shortlink":"https:\/\/wp.me\/p3jrBv-A5","jetpack_likes_enabled":false,"_links":{"self":[{"href":"https:\/\/federacioncantabradehipica.com\/web\/index.php?rest_route=\/wp\/v2\/posts\/2237","targetHints":{"allow":["GET"]}}],"collection":[{"href":"https:\/\/federacioncantabradehipica.com\/web\/index.php?rest_route=\/wp\/v2\/posts"}],"about":[{"href":"https:\/\/federacioncantabradehipica.com\/web\/index.php?rest_route=\/wp\/v2\/types\/post"}],"author":[{"embeddable":true,"href":"https:\/\/federacioncantabradehipica.com\/web\/index.php?rest_route=\/wp\/v2\/users\/1"}],"replies":[{"embeddable":true,"href":"https:\/\/federacioncantabradehipica.com\/web\/index.php?rest_route=%2Fwp%2Fv2%2Fcomments&post=2237"}],"version-history":[{"count":4,"href":"https:\/\/federacioncantabradehipica.com\/web\/index.php?rest_route=\/wp\/v2\/posts\/2237\/revisions"}],"predecessor-version":[{"id":2241,"href":"https:\/\/federacioncantabradehipica.com\/web\/index.php?rest_route=\/wp\/v2\/posts\/2237\/revisions\/2241"}],"wp:featuredmedia":[{"embeddable":true,"href":"https:\/\/federacioncantabradehipica.com\/web\/index.php?rest_route=\/wp\/v2\/media\/2234"}],"wp:attachment":[{"href":"https:\/\/federacioncantabradehipica.com\/web\/index.php?rest_route=%2Fwp%2Fv2%2Fmedia&parent=2237"}],"wp:term":[{"taxonomy":"category","embeddable":true,"href":"https:\/\/federacioncantabradehipica.com\/web\/index.php?rest_route=%2Fwp%2Fv2%2Fcategories&post=2237"},{"taxonomy":"post_tag","embeddable":true,"href":"https:\/\/federacioncantabradehipica.com\/web\/index.php?rest_route=%2Fwp%2Fv2%2Ftags&post=2237"}],"curies":[{"name":"wp","href":"https:\/\/api.w.org\/{rel}","templated":true}]}}