{"id":2282,"date":"2014-08-07T18:10:36","date_gmt":"2014-08-07T16:10:36","guid":{"rendered":"http:\/\/federacioncantabradehipica.com\/web\/?p=2282"},"modified":"2014-08-10T23:43:41","modified_gmt":"2014-08-10T21:43:41","slug":"230-participantes-en-el-tercer-csn-2-laredo-2014","status":"publish","type":"post","link":"https:\/\/federacioncantabradehipica.com\/web\/?p=2282","title":{"rendered":"230 participantes en el tercer CSN 2* Laredo 2014"},"content":{"rendered":"<p style=\"text-align: center;\">Destacada presencia de jinetes y amazonas del Pa\u00eds Vasco, Burgos, Madrid y Cantabria<!--more--><\/p>\n<p style=\"text-align: justify;\">Sigue la temporada de Concursos de Saltos Nacionales en Cantabria con la celebraci\u00f3n del tercer CSN 2*\u00a0organizado por el Centro H\u00edpico Laredo. La competici\u00f3n\u00a0se va a desarrollar los d\u00edas 8, 9\u00a010 de agosto. Las pruebas de los tres d\u00edas estan repartidos entre Promoci\u00f3n I (0,50 con cruzadas) y II (0,80m) y III (1m), Grupo V (1.10m), Grupo IV (1.20m) y Grupo III (1.30m)., celebr\u00e1ndose el \u00faltimo d\u00eda dentro de este Grupo III y bajo un baremo de dos mangas diferentes, el Gran Premio Excmo. Ayto. De Laredo.<\/p>\n<p style=\"text-align: justify;\">Desde la organizaci\u00f3n se espera a\u00a0m\u00e1s de 230 participantes, que es todo un \u00e9xito , llegando de diferentes comunidades aut\u00f3nomas. Destacando por su n\u00famero de participantes adem\u00e1s de Cantabria, el Pa\u00eds Vasco, Burgos y Madrid. El desarrollo del concurso puede valorarse como positivo en todos los \u00f3rdenes.<\/p>\n<p style=\"text-align: justify;\">Todo esto ser\u00eda dif\u00edcil de conseguir sin la necesaria aportaci\u00f3n de colaboradores y patrocinadores. Hay que destacar en este apartado y entre otros, al Excmo. Ayuntamiento de Laredo, la Federaci\u00f3n C\u00e1ntabra de H\u00edpica, BECO Laredo, Seguros GES, Sanidad Animal y Vegetal Agrocampo, Instalaciones El\u00e9ctricas Pedro Negrete, Fontaner\u00eda Montes, Piensos Fabrona, Restaurante Palmanova, Cafeter\u00eda As\u00f3n, Viveros el Juncal, Amavisca Asesores, Equites Tienda H\u00edpica Sanidad Animal El\u00edas Ortiz, Bodegas Vega de Terra, Talleres Nazabal, etc.<\/p>\n<p style=\"text-align: justify;\">El Jurado de Campo va a estar presidido por D. Pedro Villate Pell\u00f3n, bien auxiliado por d. Alejandro Guti\u00e9rrez y el dise\u00f1o y construcci\u00f3n de los recorridos esta a cargo del Jefe de Pista D. Alfonso Bringas y de su adjunto D. Jos\u00e9 M\u00aa Rodr\u00edguez. La inform\u00e1tica corre a cargo de D. Sergio Pulito.<\/p>\n<p style=\"text-align: right;\"><em>*Nota de prensa: CH Laredo<\/em><\/p>\n","protected":false},"excerpt":{"rendered":"<p>Destacada presencia de jinetes y amazonas del Pa\u00eds Vasco, Burgos, Madrid y Cantabria<\/p>\n","protected":false},"author":1,"featured_media":1869,"comment_status":"closed","ping_status":"closed","sticky":false,"template":"","format":"standard","meta":{"kt_blocks_editor_width":"","_jetpack_memberships_contains_paid_content":false,"footnotes":"","jetpack_publicize_message":"","jetpack_publicize_feature_enabled":true,"jetpack_social_post_already_shared":false,"jetpack_social_options":{"image_generator_settings":{"template":"highway","default_image_id":0,"font":"","enabled":false},"version":2}},"categories":[6],"tags":[],"class_list":["post-2282","post","type-post","status-publish","format-standard","has-post-thumbnail","hentry","category-noticias"],"jetpack_publicize_connections":[],"jetpack_featured_media_url":"https:\/\/i0.wp.com\/federacioncantabradehipica.com\/web\/wp-content\/uploads\/2014\/04\/Captura-de-pantalla-2014-04-20-a-las-22.19.40.png?fit=955%2C636&ssl=1","jetpack_sharing_enabled":true,"jetpack_shortlink":"https:\/\/wp.me\/p3jrBv-AO","jetpack_likes_enabled":false,"_links":{"self":[{"href":"https:\/\/federacioncantabradehipica.com\/web\/index.php?rest_route=\/wp\/v2\/posts\/2282","targetHints":{"allow":["GET"]}}],"collection":[{"href":"https:\/\/federacioncantabradehipica.com\/web\/index.php?rest_route=\/wp\/v2\/posts"}],"about":[{"href":"https:\/\/federacioncantabradehipica.com\/web\/index.php?rest_route=\/wp\/v2\/types\/post"}],"author":[{"embeddable":true,"href":"https:\/\/federacioncantabradehipica.com\/web\/index.php?rest_route=\/wp\/v2\/users\/1"}],"replies":[{"embeddable":true,"href":"https:\/\/federacioncantabradehipica.com\/web\/index.php?rest_route=%2Fwp%2Fv2%2Fcomments&post=2282"}],"version-history":[{"count":1,"href":"https:\/\/federacioncantabradehipica.com\/web\/index.php?rest_route=\/wp\/v2\/posts\/2282\/revisions"}],"predecessor-version":[{"id":2283,"href":"https:\/\/federacioncantabradehipica.com\/web\/index.php?rest_route=\/wp\/v2\/posts\/2282\/revisions\/2283"}],"wp:featuredmedia":[{"embeddable":true,"href":"https:\/\/federacioncantabradehipica.com\/web\/index.php?rest_route=\/wp\/v2\/media\/1869"}],"wp:attachment":[{"href":"https:\/\/federacioncantabradehipica.com\/web\/index.php?rest_route=%2Fwp%2Fv2%2Fmedia&parent=2282"}],"wp:term":[{"taxonomy":"category","embeddable":true,"href":"https:\/\/federacioncantabradehipica.com\/web\/index.php?rest_route=%2Fwp%2Fv2%2Fcategories&post=2282"},{"taxonomy":"post_tag","embeddable":true,"href":"https:\/\/federacioncantabradehipica.com\/web\/index.php?rest_route=%2Fwp%2Fv2%2Ftags&post=2282"}],"curies":[{"name":"wp","href":"https:\/\/api.w.org\/{rel}","templated":true}]}}