{"id":2385,"date":"2014-09-01T22:31:42","date_gmt":"2014-09-01T20:31:42","guid":{"rendered":"http:\/\/federacioncantabradehipica.com\/web\/?p=2385"},"modified":"2014-09-05T22:40:29","modified_gmt":"2014-09-05T20:40:29","slug":"se-celebro-el-ultimo-csn-de-la-temporada-2014-en-el-ch-laredo","status":"publish","type":"post","link":"https:\/\/federacioncantabradehipica.com\/web\/?p=2385","title":{"rendered":"Se celebr\u00f3 el \u00faltimo CSN de la temporada 2014 en el CH Laredo"},"content":{"rendered":"<p style=\"text-align: center;\">Victoria de Paula Azofra en el Gran Premio Ayto. de Laredo<!--more--><\/p>\n<p style=\"text-align: justify;\">Finaliz\u00f3 el CSN 2* Laredo con el triunfo de <strong>Paula Azofra<\/strong> en el Gran Premio Excmo. Ayuntamiento de Laredo. <strong>Herve Duhaut<\/strong> fue segundo y tercero, <strong>Tobias Hanke<\/strong>.<\/p>\n<p style=\"text-align: justify;\">El\u00a0s\u00e1bado, 30 de Agosto de 2014, antes de la prueba de 1,20 metros, se hizo un <strong>homenaje<\/strong> a <strong>Herve Duhaut<\/strong>, como jinete m\u00e1s veterano del concurso en activo, que sigue disputando y ganando pruebas. Se hizo un &#8216;corro&#8217; en mitad de la pista, y todos los jinetes y amazonas aplaudieron el reconocimiento a Herve.<\/p>\n<p style=\"text-align: justify;\">El pr\u00f3ximo fin de semana se celebrar\u00e1 el Campeonato Cantabria de Saltos, tambi\u00e9n el CH Laredo.<\/p>\n","protected":false},"excerpt":{"rendered":"<p>Victoria de Paula Azofra en el Gran Premio Ayto. de Laredo<\/p>\n","protected":false},"author":1,"featured_media":2386,"comment_status":"closed","ping_status":"closed","sticky":false,"template":"","format":"standard","meta":{"kt_blocks_editor_width":"","_jetpack_memberships_contains_paid_content":false,"footnotes":"","jetpack_publicize_message":"","jetpack_publicize_feature_enabled":true,"jetpack_social_post_already_shared":false,"jetpack_social_options":{"image_generator_settings":{"template":"highway","default_image_id":0,"font":"","enabled":false},"version":2}},"categories":[6],"tags":[],"class_list":["post-2385","post","type-post","status-publish","format-standard","has-post-thumbnail","hentry","category-noticias"],"jetpack_publicize_connections":[],"jetpack_featured_media_url":"https:\/\/i0.wp.com\/federacioncantabradehipica.com\/web\/wp-content\/uploads\/2014\/09\/10653295_747740585262006_5570931394540635623_n.jpg?fit=960%2C636&ssl=1","jetpack_sharing_enabled":true,"jetpack_shortlink":"https:\/\/wp.me\/p3jrBv-Ct","jetpack_likes_enabled":false,"_links":{"self":[{"href":"https:\/\/federacioncantabradehipica.com\/web\/index.php?rest_route=\/wp\/v2\/posts\/2385","targetHints":{"allow":["GET"]}}],"collection":[{"href":"https:\/\/federacioncantabradehipica.com\/web\/index.php?rest_route=\/wp\/v2\/posts"}],"about":[{"href":"https:\/\/federacioncantabradehipica.com\/web\/index.php?rest_route=\/wp\/v2\/types\/post"}],"author":[{"embeddable":true,"href":"https:\/\/federacioncantabradehipica.com\/web\/index.php?rest_route=\/wp\/v2\/users\/1"}],"replies":[{"embeddable":true,"href":"https:\/\/federacioncantabradehipica.com\/web\/index.php?rest_route=%2Fwp%2Fv2%2Fcomments&post=2385"}],"version-history":[{"count":1,"href":"https:\/\/federacioncantabradehipica.com\/web\/index.php?rest_route=\/wp\/v2\/posts\/2385\/revisions"}],"predecessor-version":[{"id":2388,"href":"https:\/\/federacioncantabradehipica.com\/web\/index.php?rest_route=\/wp\/v2\/posts\/2385\/revisions\/2388"}],"wp:featuredmedia":[{"embeddable":true,"href":"https:\/\/federacioncantabradehipica.com\/web\/index.php?rest_route=\/wp\/v2\/media\/2386"}],"wp:attachment":[{"href":"https:\/\/federacioncantabradehipica.com\/web\/index.php?rest_route=%2Fwp%2Fv2%2Fmedia&parent=2385"}],"wp:term":[{"taxonomy":"category","embeddable":true,"href":"https:\/\/federacioncantabradehipica.com\/web\/index.php?rest_route=%2Fwp%2Fv2%2Fcategories&post=2385"},{"taxonomy":"post_tag","embeddable":true,"href":"https:\/\/federacioncantabradehipica.com\/web\/index.php?rest_route=%2Fwp%2Fv2%2Ftags&post=2385"}],"curies":[{"name":"wp","href":"https:\/\/api.w.org\/{rel}","templated":true}]}}