{"id":2406,"date":"2014-09-09T09:24:40","date_gmt":"2014-09-09T07:24:40","guid":{"rendered":"http:\/\/federacioncantabradehipica.com\/web\/?p=2406"},"modified":"2014-09-11T21:30:46","modified_gmt":"2014-09-11T19:30:46","slug":"cantabria-ya-conoce-a-sus-campeones-de-salto-2014","status":"publish","type":"post","link":"https:\/\/federacioncantabradehipica.com\/web\/?p=2406","title":{"rendered":"Cantabria ya conoce a sus Campeones de Salto 2014"},"content":{"rendered":"<p style=\"text-align: center;\"><em>&#8216;Equus Jaime Su\u00e1rez\u00bb gan\u00f3 el Campeonato Cantabria por equipos<\/em><!--more--><\/p>\n<p style=\"text-align: justify;\">Del 5 al 7 de septiembre de 2014 se celebr\u00f3 el Campeonato Cantabria de Saltos de Obst\u00e1culos 2014 en las instalaciones del Centro H\u00edpico Laredo, que se despiden ya de la competici\u00f3n hasta la pr\u00f3xima temporada, despu\u00e9s de acoger cuatro concursos nacionales (abril, junio y dos en agosto) y tambi\u00e9n una\u00a0sede de la Liga C\u00e1ntabra.<\/p>\n<p style=\"text-align: justify;\">Con una amplia participaci\u00f3n de jinetes y amazonas\u00a0de Cantabria, se disputaron un total de cuatro calificativas en las categor\u00edas de promoci\u00f3n, alev\u00edn, infantil, juvenil y adultos. En la primera de todas ellas, la j\u00f3ven amazona de &#8216;Equus Jaime Su\u00e1rez&#8217;, <strong>Jimena Garc\u00eda Rueda<\/strong> con &#8216;Mandarina&#8217;, logr\u00f3 la medalla de oro, seguida de <strong>Aroa Ramos Ramos<\/strong> y <strong>Marta Cea G\u00f3mez<\/strong>, ambas con &#8216;Adal Kemal&#8217;, consiguieron la medalla de plata y bronce, respectivamente.<\/p>\n<p style=\"text-align: justify;\">En la prueba alev\u00edn, la medalla de oro la consigui\u00f3 la amazona de la Yeguada D\u00edaz Cuero,\u00a0<strong>Aridia Lav\u00edn Meruelo<\/strong> con el veterano &#8216;Ilton Mustior&#8217;, despu\u00e9s de finalizar con\u00a0cero puntos y sumar\u00a0el mejor tiempo en las cuatro calificativas.\u00a0<strong>Marta Morlote Fombellida<\/strong> con &#8216;Gelna de Benac&#8217; logr\u00f3 la medalla de plata, mientras que, la amazona del Centro H\u00edpico El Bocal, <strong>Ana Fer\u00e1ndez de Velasco Arroyo<\/strong>, que ha realizado una gran temporada, en donde destacan\u00a0sus buenos resultados\u00a0en los Campeonatos Espa\u00f1a de Ponis y Alev\u00edn, fue medalla de bronce con &#8216;Quelebelle du Gery\u00bb.<\/p>\n<p style=\"text-align: justify;\"><strong>Clara Elena Aja Bahillo<\/strong> de la Yeguada D\u00edaz Cuero\u00a0con el experimentado poni &#8216;Black Beauty\u00bb logr\u00f3 subirse a lo m\u00e1s alto del podium infantil, seguida de <strong>Alejandra Enr\u00edquez Escalada<\/strong> con &#8216;Los Abetos&#8217; y Evelyn Saiz\u00a0M\u00e1rquez con &#8216;Vega&#8217;. En la prueba juvenil, que lleg\u00f3 a la \u00faltima jornada con bastante igualdad, se impuso la amazona de Equus, <strong>Sof\u00eda Asenjo Carrero<\/strong> con &#8216;Dollander&#8217;. La medalla de plata fue para <strong>Paula Cue Puente<\/strong> con &#8216;Bruno de Salces&#8217;, mientras que, <strong>David Gonz\u00e1lez Herrera<\/strong>, que\u00a0est\u00e1 logrando muy buenos resultados en los \u00faltimos concursos, logr\u00f3 la medalla de bronce con &#8216;Belice de Ruyco&#8217;.<\/p>\n<p style=\"text-align: justify;\">Y en la categor\u00eda de adultos, <strong>Jaime Su\u00e1rez P\u00e9rez<\/strong> con &#8216;Zuidsand&#8217;, volvi\u00f3 a subirse a lo m\u00e1s alto del podium al igual que en la edici\u00f3n del 2013. La medalla de plata fue para el jinete del Centro H\u00edpico Laredo, <strong>Javier Cu\u00f1arro Alaez<\/strong>, se despidi\u00f3 a lo grande de su yegua &#8216;Jague de Mara&#8217;, que tras el Campeonato Cantabria se retira para criar, despu\u00e9s de dar multitud de triunfos y grandes recorridos\u00a0durante los \u00faltimos a\u00f1os. <strong>Pablo D\u00edaz Cuevas<\/strong> con &#8216;Dimenar de Wallyro&#8217; consigui\u00f3 la medalla de bronce.<\/p>\n<p style=\"text-align: justify;\"><strong>EQUUS JAIME SU\u00c1REZ, ORO POR EQUIPOS<\/strong><\/p>\n<p style=\"text-align: justify;\">El equipo con sede en Gornazo, integrado por <strong>Marta Morlote Fombellida, Mar\u00eda Le\u00f3n Gonz\u00e1lez, Sof\u00eda Asenjo Carrero y Jaime Su\u00e1rez P\u00e9rez<\/strong>\u00a0logr\u00f3\u00a0la medalla de oro, siendo el \u00fanico equipo en donde sus integrantes en las dos calificativas no derrib\u00f3 ning\u00fan obst\u00e1culo .La medalla de plata fue para el equipo formado por <strong>Lidia Fern\u00e1ndez Solar, Alejandra Enr\u00edquez Escalada, David Gonz\u00e1lez Herrera y Javier Cu\u00f1arro Alaez<\/strong>, mientras que, la medalla de bronce la lograron <strong>Adhara G\u00f3mez Ruiz, Sandra Canduela Valle, Paula Cue Puente y Koldo Fern\u00e1ndez Fullaondo<\/strong>.<\/p>\n<p style=\"text-align: justify;\"><strong>PR\u00d3XIMAS CITAS<\/strong><\/p>\n<p style=\"text-align: justify;\">La\u00a0competici\u00f3n de Saltos regresar\u00e1 el 28 de septiembre al Centro Ecuestre Santib\u00e1\u00f1ez, en donde se celebrar\u00e1 la pen\u00faltima sede de la Liga C\u00e1ntabra 2014. El 11 y 12 de octubre, H\u00edpica Solorga acoger\u00e1 un Concurso de Saltos Territorial, y finalizar\u00e1 la temporada en \u00bbEquus Jaime Su\u00e1rez\u00bb con la final de la Liga C\u00e1ntabra. En Doma Cl\u00e1sica, el pr\u00f3ximo 13 de septiembre, dentro de FECAB Torrelavega, se celebrar\u00e1 un Concurso de Doma Territorial, con el cual se dar\u00e1 por finalizada la temporada de dicha disciplina. Un d\u00eda m\u00e1s tarde, el 14 de septiembre, se celebra el Campeonato de Cantabria de Raid en Treto. A final del mes de septiembre, tambi\u00e9n se disputar\u00e1 el Campeonato Cantabria de Pony Games.<\/p>\n<p style=\"text-align: right;\">Fotos: ANBE<br \/>\nTexto: Pablo Lanza<\/p>\n","protected":false},"excerpt":{"rendered":"<p>&#8216;Equus Jaime Su\u00e1rez\u00bb gan\u00f3 el Campeonato Cantabria por equipos<\/p>\n","protected":false},"author":1,"featured_media":2407,"comment_status":"closed","ping_status":"closed","sticky":false,"template":"","format":"standard","meta":{"kt_blocks_editor_width":"","_jetpack_memberships_contains_paid_content":false,"footnotes":"","jetpack_publicize_message":"","jetpack_publicize_feature_enabled":true,"jetpack_social_post_already_shared":false,"jetpack_social_options":{"image_generator_settings":{"template":"highway","default_image_id":0,"font":"","enabled":false},"version":2}},"categories":[6],"tags":[],"class_list":["post-2406","post","type-post","status-publish","format-standard","has-post-thumbnail","hentry","category-noticias"],"jetpack_publicize_connections":[],"jetpack_featured_media_url":"https:\/\/i0.wp.com\/federacioncantabradehipica.com\/web\/wp-content\/uploads\/2014\/09\/Captura-de-pantalla-2014-09-09-a-las-09.23.45.png?fit=962%2C633&ssl=1","jetpack_sharing_enabled":true,"jetpack_shortlink":"https:\/\/wp.me\/p3jrBv-CO","jetpack_likes_enabled":false,"_links":{"self":[{"href":"https:\/\/federacioncantabradehipica.com\/web\/index.php?rest_route=\/wp\/v2\/posts\/2406","targetHints":{"allow":["GET"]}}],"collection":[{"href":"https:\/\/federacioncantabradehipica.com\/web\/index.php?rest_route=\/wp\/v2\/posts"}],"about":[{"href":"https:\/\/federacioncantabradehipica.com\/web\/index.php?rest_route=\/wp\/v2\/types\/post"}],"author":[{"embeddable":true,"href":"https:\/\/federacioncantabradehipica.com\/web\/index.php?rest_route=\/wp\/v2\/users\/1"}],"replies":[{"embeddable":true,"href":"https:\/\/federacioncantabradehipica.com\/web\/index.php?rest_route=%2Fwp%2Fv2%2Fcomments&post=2406"}],"version-history":[{"count":5,"href":"https:\/\/federacioncantabradehipica.com\/web\/index.php?rest_route=\/wp\/v2\/posts\/2406\/revisions"}],"predecessor-version":[{"id":2412,"href":"https:\/\/federacioncantabradehipica.com\/web\/index.php?rest_route=\/wp\/v2\/posts\/2406\/revisions\/2412"}],"wp:featuredmedia":[{"embeddable":true,"href":"https:\/\/federacioncantabradehipica.com\/web\/index.php?rest_route=\/wp\/v2\/media\/2407"}],"wp:attachment":[{"href":"https:\/\/federacioncantabradehipica.com\/web\/index.php?rest_route=%2Fwp%2Fv2%2Fmedia&parent=2406"}],"wp:term":[{"taxonomy":"category","embeddable":true,"href":"https:\/\/federacioncantabradehipica.com\/web\/index.php?rest_route=%2Fwp%2Fv2%2Fcategories&post=2406"},{"taxonomy":"post_tag","embeddable":true,"href":"https:\/\/federacioncantabradehipica.com\/web\/index.php?rest_route=%2Fwp%2Fv2%2Ftags&post=2406"}],"curies":[{"name":"wp","href":"https:\/\/api.w.org\/{rel}","templated":true}]}}