{"id":2463,"date":"2014-10-13T22:24:10","date_gmt":"2014-10-13T20:24:10","guid":{"rendered":"http:\/\/federacioncantabradehipica.com\/web\/?p=2463"},"modified":"2014-11-13T22:48:10","modified_gmt":"2014-11-13T21:48:10","slug":"pesame","status":"publish","type":"post","link":"https:\/\/federacioncantabradehipica.com\/web\/?p=2463","title":{"rendered":"La FCH traslada su p\u00e9same a Pedro Villate por el fallecimiento de su madre"},"content":{"rendered":"<div class=\"aboveUnitContent\">\n<div class=\"userContentWrapper\">\n<div class=\"_wk\" style=\"text-align: center;\">Comunicado<!--more--><\/div>\n<div class=\"_wk\" style=\"text-align: justify;\"><span class=\"userContent\">La Federaci\u00f3n C\u00e1ntabra de H\u00edpica traslada su p\u00e9same a\u00a0<strong>Pedro Villate Pell\u00f3n <\/strong>y a su familia <em>(Juez de Salto y miembro de la Junta Directiva de la de la Federaci\u00f3n C\u00e1ntabra de H\u00edpica<\/em>) por el fallecimiento, en el d\u00eda de hoy, de su madre.<\/span><\/div>\n<div class=\"_wk\" style=\"text-align: justify;\"><\/div>\n<div class=\"_wk\" style=\"text-align: justify;\"><span class=\"userContent\">D.E.P<\/span><\/div>\n<\/div>\n<\/div>\n<p>&nbsp;<\/p>\n<div class=\"letterboxedImage photoWrap\"><\/div>\n<p>&nbsp;<\/p>\n","protected":false},"excerpt":{"rendered":"<p>Comunicado<\/p>\n","protected":false},"author":1,"featured_media":682,"comment_status":"closed","ping_status":"closed","sticky":false,"template":"","format":"standard","meta":{"kt_blocks_editor_width":"","_jetpack_memberships_contains_paid_content":false,"footnotes":"","jetpack_publicize_message":"","jetpack_publicize_feature_enabled":true,"jetpack_social_post_already_shared":false,"jetpack_social_options":{"image_generator_settings":{"template":"highway","default_image_id":0,"font":"","enabled":false},"version":2}},"categories":[6],"tags":[],"class_list":["post-2463","post","type-post","status-publish","format-standard","has-post-thumbnail","hentry","category-noticias"],"jetpack_publicize_connections":[],"jetpack_featured_media_url":"https:\/\/i0.wp.com\/federacioncantabradehipica.com\/web\/wp-content\/uploads\/2013\/04\/luto-650x400.jpg?fit=650%2C400&ssl=1","jetpack_sharing_enabled":true,"jetpack_shortlink":"https:\/\/wp.me\/s3jrBv-pesame","jetpack_likes_enabled":false,"_links":{"self":[{"href":"https:\/\/federacioncantabradehipica.com\/web\/index.php?rest_route=\/wp\/v2\/posts\/2463","targetHints":{"allow":["GET"]}}],"collection":[{"href":"https:\/\/federacioncantabradehipica.com\/web\/index.php?rest_route=\/wp\/v2\/posts"}],"about":[{"href":"https:\/\/federacioncantabradehipica.com\/web\/index.php?rest_route=\/wp\/v2\/types\/post"}],"author":[{"embeddable":true,"href":"https:\/\/federacioncantabradehipica.com\/web\/index.php?rest_route=\/wp\/v2\/users\/1"}],"replies":[{"embeddable":true,"href":"https:\/\/federacioncantabradehipica.com\/web\/index.php?rest_route=%2Fwp%2Fv2%2Fcomments&post=2463"}],"version-history":[{"count":4,"href":"https:\/\/federacioncantabradehipica.com\/web\/index.php?rest_route=\/wp\/v2\/posts\/2463\/revisions"}],"predecessor-version":[{"id":2467,"href":"https:\/\/federacioncantabradehipica.com\/web\/index.php?rest_route=\/wp\/v2\/posts\/2463\/revisions\/2467"}],"wp:featuredmedia":[{"embeddable":true,"href":"https:\/\/federacioncantabradehipica.com\/web\/index.php?rest_route=\/wp\/v2\/media\/682"}],"wp:attachment":[{"href":"https:\/\/federacioncantabradehipica.com\/web\/index.php?rest_route=%2Fwp%2Fv2%2Fmedia&parent=2463"}],"wp:term":[{"taxonomy":"category","embeddable":true,"href":"https:\/\/federacioncantabradehipica.com\/web\/index.php?rest_route=%2Fwp%2Fv2%2Fcategories&post=2463"},{"taxonomy":"post_tag","embeddable":true,"href":"https:\/\/federacioncantabradehipica.com\/web\/index.php?rest_route=%2Fwp%2Fv2%2Ftags&post=2463"}],"curies":[{"name":"wp","href":"https:\/\/api.w.org\/{rel}","templated":true}]}}