{"id":2566,"date":"2015-02-01T19:30:28","date_gmt":"2015-02-01T18:30:28","guid":{"rendered":"http:\/\/federacioncantabradehipica.com\/web\/?p=2566"},"modified":"2015-02-01T20:12:53","modified_gmt":"2015-02-01T19:12:53","slug":"brillante-xvii-gran-cena-gala-de-la-hipica","status":"publish","type":"post","link":"https:\/\/federacioncantabradehipica.com\/web\/?p=2566","title":{"rendered":"Brillante XVII Gran Cena &#8211; Gala de la H\u00edpica"},"content":{"rendered":"<p style=\"text-align: center;\"><strong><em>400 personas se dieron cita en el Hotel Hoyuela en la XVII Gran Cena \u2013 Gala de la H\u00edpica de Cantabria. La h\u00edpica en Cantabria contin\u00faa creciendo y cuenta ya con cerca de 2000 federados<\/em><\/strong><!--more--><\/p>\n<p style=\"text-align: justify;\">Un cifra de r\u00e9cord. Cantabria celebr\u00f3 en la noche del s\u00e1bado, la decimos\u00e9ptima edici\u00f3n de la Gran Cena \u2013 Gala de la H\u00edpica de Cantabria, en los salones del Hotel Hoyuela, con un total de 400 personas, una n\u00famero nunca antes alcanzado, y que demuestra la buena salud por la que pasa el deporte ecuestre en la regi\u00f3n.<\/p>\n<p style=\"text-align: justify;\">En l\u00edneas generales, ha vuelto a ser un gran a\u00f1o para la Federaci\u00f3n C\u00e1ntabra de H\u00edpica que preside Roberto Laherr\u00e1n, en donde, se destaca el incremento en un 15% del n\u00famero de licencias, acerc\u00e1ndose a los 2.000, lo que demuestra la constante evoluci\u00f3n de este deporte de Cantabria. Adem\u00e1s, en la red, la Federaci\u00f3n contin\u00faa siendo una referencia nacional, con 2000 seguidores en Facebook, 800 en Twitter y un espectacular n\u00famero de visitas a la p\u00e1gina web. A lo largo de la pasada temporada, se han celebrado campeonatos regionales de modalidades de Raid, Salto de Obst\u00e1culos con Ponis, Completo con Ponis, Salto de Obst\u00e1culos, Doma Cl\u00e1sica, y por primera vez, de Pony Games, adem\u00e1s de la continuaci\u00f3n de la Liga de Salto y Doma.<\/p>\n<p style=\"text-align: justify;\">En este pasado 2014, se disputaron concurso de Doma Cl\u00e1sica en el Ferial de Torrelavega dentro de la Feria FECAB, en el Centro Ecuestre Santib\u00e1\u00f1ez, Centro H\u00edpico del Pisue\u00f1a, Centro H\u00edpico Laredo e H\u00edpica Solorga, lugar donde se disput\u00f3 la sede del Campeonato Regional de dicha modalidad.<\/p>\n<p style=\"text-align: justify;\">En Salto, adem\u00e1s de los concursos nacionales disputados en Laredo, se han celebrado concursos en el Centro H\u00edpico Los Robles, Centro H\u00edpico El Bocal, H\u00edpica Solorga, El Pomar, Isla, Centro Ecuestre Santib\u00e1\u00f1ez y Equus Jaime Su\u00e1rez. Cabe destacar, que gracias al esfuerzo de la Federaci\u00f3n, junto con el amplio n\u00famero de patrocinadores y colaboradores, se celebr\u00f3 el Concurso de La Magdalena, que ascendi\u00f3 a la categor\u00eda de tres estrellas.<\/p>\n<p style=\"text-align: justify;\">El Centro Ecuestre La Gerencia acogi\u00f3 la XX edici\u00f3n del certamen \u00c1rabes&amp;Co, reconocido como uno de los mejores concursos internacionales del caballo \u00c1rabe. La Gerencia tambi\u00e9n acogi\u00f3 una sede de la Liga Norte de Saltos con Ponis.<\/p>\n<p style=\"text-align: justify;\">En la disciplina de raid, se disputaron cuatro concursos, en concreto, en la Abadilla de Cay\u00f3n, Potes, Man\u00e1s de la Hoz y Treto. En Pony Games, se han celebrado tres concursos y el primer campeonato de la modalidad.<\/p>\n<p style=\"text-align: justify;\">El Centro Ecuestre Santib\u00e1\u00f1ez acogi\u00f3 el seminario oficial de la RFHE sobre Pony Games, adem\u00e1s de una conferencia de Marie Follet. El Centro H\u00edpico del Pisue\u00f1a organiz\u00f3 un clinic del jinete ol\u00edmpico, Rafael Soto. Adem\u00e1s, dentro de los actos de Santander Ciudad Europea del Deporte, se realiz\u00f3 un coloquio sobre \u2018La coordinaci\u00f3n entre el jinete y el caballo\u2019.<\/p>\n<p style=\"text-align: justify;\">Los\u00a0jinetes y amazonas\u00a0de Cantabria han logrado numerosos y buenos resultados a nivel nacional en diferentes concursos de salto de obst\u00e1culo que se han logrado fuera de nuestra regi\u00f3n en las pruebas de 1.10, 1.20, 1.30 y Grandes Premios, as\u00ed como, los buenos resultados cosechados en los Campeonatos de Espa\u00f1a, en donde, destaca el cuarto puesto nacional de Ana Fern\u00e1ndez de Velasco, que se qued\u00f3 a 0.27 cent\u00e9simas de lograr la medalla de bronce, al igual que Mar\u00eda Le\u00f3n, que tambi\u00e9n qued\u00f3 cuarta de Espa\u00f1a en Ponis D. Por otra parte, el Centro Ecuestre Santib\u00e1\u00f1ez represent\u00f3 a Cantabria en la Peter Dale Cup Barcelona de Pony Games. A nivel internacional, el jinete Borja Villal\u00f3n hizo sonar el himno espa\u00f1ol en el Gran Premio del CSI 2* de Alfeizerao.<\/p>\n<p style=\"text-align: justify;\">En Raid, tambi\u00e9n hubo protagonismo c\u00e1ntabro en Portugal. El jinete Alberto Canales, montando al caballo \u00abBallantine&#8217;s\u00bb, anglo-\u00e1rabe de 10 a\u00f1os, gan\u00f3 el Raid Internacional (CEI) de Fronteira, Portugal. Y el segundo clasificado qued\u00f3 otro jinete c\u00e1ntabro, Fernando Cay\u00f3n , sobre \u00bbSult\u00e1n\u00bb.<\/p>\n<p style=\"text-align: justify;\">A la Gala de la H\u00edpica acudir\u00e1n diferentes autoridades pol\u00edticas en representaci\u00f3n del Gobierno de Cantabria y de los diferentes Ayuntamientos que han colaborado durante toda la temporada, entre ellos, el Director General de Deportes del Gobierno de Cantabria, Javier Soler, la Directora General de Desarrollo Rural, Mar\u00eda Hernando, el Concejal de Deportes del Excmo. Ayuntamiento de Santander, Luis Morante, el Director del IMD Santander, Juan Dom\u00ednguez, diferentes concejales de la corporaci\u00f3n municipal del Ayuntamiento de Arnuero, el Alcalde de Pi\u00e9lagos, Enrique Torre, junto con su Concejal de Deportes, Jos\u00e9 Carlos Carames.<\/p>\n<p style=\"text-align: justify;\">Tambi\u00e9n acudieron diferentes presidentes de las federaciones de h\u00edpica de las comunidades lim\u00edtrofes, entre ellos, Patxi Jim\u00e9nez, de la Federaci\u00f3n Navarra. Y como no, jueces, t\u00e9cnicos, colaboradores de la Federaci\u00f3n C\u00e1ntabra, junto con los miembros, propietarios, presidentes y profesores de los clubes federados de Cantabria: CE La Gerencia, CH Laredo, CH El Bocal, CH Los Robles, Equus Jaime Su\u00e1rez, CH Rostrio, CE Santib\u00e1\u00f1ez, CH Solorga, CH Mogro, Yeguada El Pomar, CH Pisue\u00f1a, CH Liencres, Yeguada Casta\u00f1edo, Yeguada D\u00edaz Cuero y CDE Isla<\/p>\n<p style=\"text-align: justify;\">La XVII edici\u00f3n Gala de la H\u00edpica de C\u00e1ntabra, fue presentada, al igual que en las \u00faltimas tres ediciones, por el periodista c\u00e1ntabro de Radio Marca, Israel D\u00edaz.<\/p>\n<p style=\"text-align: justify;\"><strong>GALARDONADOS<\/strong><\/p>\n<p style=\"text-align: justify;\">Tras la cena, se realiz\u00f3 la entrega de los diplomas que acreditan a los campeones de las diferentes disciplinas h\u00edpicas. En el Campeonato Cantabria de Ponis, la medalla de oro fue para Ana Fern\u00e1ndez de Velasco. En Ponis B, la medalla de oro fue lograda por Cayetana Quevedo, mientras que, la medalla de plata la logr\u00f3 Juli\u00e1n Vinuesa. En Ponis C, el podio estuvo formado por Juli\u00e1n Vinuesa, Cecilia Su\u00e1rez y Elena Ruiz. En Ponis D, medalla de oro para Mar\u00eda Le\u00f3n. En Ponis B2, medalla de oro para Amaia Mart\u00ednez y plata para Carolina Revuelta. En la categor\u00eda C2, Alba Mart\u00ednez logr\u00f3 el primer puesto, seguida de Paula Seti\u00e9n y Lucia Villaverde. Por \u00faltimo, en D2, la medalla de oro fue para Karmele Ruiz, la plata para Garazi Marquina y el bronce para Juli\u00e1n Vinuesa.<\/p>\n<p style=\"text-align: justify;\">En el Campeonato Cantabria de Completo, en la categor\u00eda de iniciaci\u00f3n, la medalla de oro fue para Juli\u00e1n Vinuesa, mientras que, Carmen Cagigal hac\u00eda lo propio en Promoci\u00f3n. En la categor\u00eda de 0*, el triunfo fue para Christian Merino.<\/p>\n<p style=\"text-align: justify;\">En Raid, en la categor\u00eda de promoci\u00f3n de 40 kil\u00f3metros, el podio fue formado por Daniel Garc\u00eda, Mauricio Acu\u00f1a y Santiago Rozadilla. Por su parte, en 80 km, Juan Caros Ruiz de Villa, Jairo Rugama y Miren Castresana, ocuparon las tres primeras posiciones.<\/p>\n<p style=\"text-align: justify;\">En la categor\u00eda de salto de obst\u00e1culos, las medallas de oro fueron ocupadas por Jimena Garc\u00eda (promoci\u00f3n), Aridia Lavin (alev\u00edn), Clara Aja (infantil), Sof\u00eda Asenjo (juvenil) y Jaime Su\u00e1rez (adulto). En el Campeonato por equipos, la medalla de oro fue para Equus Jaime Su\u00e1rez 1 (Marta Marlote, Mar\u00eda Le\u00f3n, Sof\u00eda Asenjo y Jaime Su\u00e1rez), la plata para Federaci\u00f3n 3 (Lidia Fern\u00e1ndez, Alejandra Enriquez, David Gonz\u00e1lez y Javier Cu\u00f1arro) y el bronce para Federaci\u00f3n 1 (Adhara G\u00f3mez, Sandra Canduela, Paula Cue y Koldo Fern\u00e1ndez). En la Gala, tambi\u00e9n se entregaron los premios a los ganadores de la Liga de Saltos, en donde, los triunfos fueron para Carmen Fern\u00e1ndez de Velasco, Victoria Alonso, Aridia Lav\u00edn, Mar Ter\u00e1n y Bel\u00e9n Diaz.<\/p>\n<p style=\"text-align: justify;\">En el regional de Doma Cl\u00e1sica, Elisa Shoenlein logr\u00f3 la medalla de oro en la categor\u00eda de potros de cinco a\u00f1os. Noive Lisaso (promoci\u00f3n), Naia Alonso (alevines), Marina L\u00f3pez (infantiles), Virginia de la Fuente (juveniles 0*)y Carlos G\u00f3mez (j\u00f3venes jinetes), lograron las medallas de oro. Por su parte, en la Liga de Doma, los primeros puestos fueron para Noive Lisaso, Naia Alonso, Lindres Dom\u00ednguez, Cara Guti\u00e9rrez, Carlos G\u00f3mez y Santiago Mazo.<\/p>\n<p style=\"text-align: justify;\">En Pony Games, en la categor\u00eda sub12, el oro fue para el equipo formado por Claudia Haya, Carmen Gand\u00eda Fern\u00e1ndez, \u00c1ngela Gand\u00eda Fern\u00e1ndez y Paula Qing Diestro, mientras que, en la categor\u00eda sub17, el oro fue para el equipo integrado por Alejandro Bustabad Ochoa, Iria L\u00f3pez, Martina Serrano D\u00edaz y Lucia de la Roza.<\/p>\n<p style=\"text-align: justify;\">Con la entrega de premios a los equipos ganadores del Campeonato Cantabria de Pony Games, se puso punto y final a la d\u00e9cimo s\u00e9ptima edici\u00f3n de la Gran Cena &#8211; Gala de la H\u00edpica de Cantabria.<\/p>\n<p style=\"text-align: right;\"><em>\u00a9 Foto Pablo Lanza \/ FCH<\/em><\/p>\n","protected":false},"excerpt":{"rendered":"<p>400 personas se dieron cita en el Hotel Hoyuela en la XVII Gran Cena \u2013 Gala de la H\u00edpica de Cantabria. La h\u00edpica en Cantabria contin\u00faa creciendo y cuenta ya con cerca de 2000 federados<\/p>\n","protected":false},"author":1,"featured_media":2569,"comment_status":"closed","ping_status":"closed","sticky":false,"template":"","format":"standard","meta":{"kt_blocks_editor_width":"","_jetpack_memberships_contains_paid_content":false,"footnotes":"","jetpack_publicize_message":"","jetpack_publicize_feature_enabled":true,"jetpack_social_post_already_shared":false,"jetpack_social_options":{"image_generator_settings":{"template":"highway","default_image_id":0,"font":"","enabled":false},"version":2}},"categories":[6],"tags":[],"class_list":["post-2566","post","type-post","status-publish","format-standard","has-post-thumbnail","hentry","category-noticias"],"jetpack_publicize_connections":[],"jetpack_featured_media_url":"https:\/\/i0.wp.com\/federacioncantabradehipica.com\/web\/wp-content\/uploads\/2015\/02\/10842154_820367404665990_2584070150799513734_o-1.jpg?fit=2048%2C1365&ssl=1","jetpack_sharing_enabled":true,"jetpack_shortlink":"https:\/\/wp.me\/p3jrBv-Fo","jetpack_likes_enabled":false,"_links":{"self":[{"href":"https:\/\/federacioncantabradehipica.com\/web\/index.php?rest_route=\/wp\/v2\/posts\/2566","targetHints":{"allow":["GET"]}}],"collection":[{"href":"https:\/\/federacioncantabradehipica.com\/web\/index.php?rest_route=\/wp\/v2\/posts"}],"about":[{"href":"https:\/\/federacioncantabradehipica.com\/web\/index.php?rest_route=\/wp\/v2\/types\/post"}],"author":[{"embeddable":true,"href":"https:\/\/federacioncantabradehipica.com\/web\/index.php?rest_route=\/wp\/v2\/users\/1"}],"replies":[{"embeddable":true,"href":"https:\/\/federacioncantabradehipica.com\/web\/index.php?rest_route=%2Fwp%2Fv2%2Fcomments&post=2566"}],"version-history":[{"count":3,"href":"https:\/\/federacioncantabradehipica.com\/web\/index.php?rest_route=\/wp\/v2\/posts\/2566\/revisions"}],"predecessor-version":[{"id":2570,"href":"https:\/\/federacioncantabradehipica.com\/web\/index.php?rest_route=\/wp\/v2\/posts\/2566\/revisions\/2570"}],"wp:featuredmedia":[{"embeddable":true,"href":"https:\/\/federacioncantabradehipica.com\/web\/index.php?rest_route=\/wp\/v2\/media\/2569"}],"wp:attachment":[{"href":"https:\/\/federacioncantabradehipica.com\/web\/index.php?rest_route=%2Fwp%2Fv2%2Fmedia&parent=2566"}],"wp:term":[{"taxonomy":"category","embeddable":true,"href":"https:\/\/federacioncantabradehipica.com\/web\/index.php?rest_route=%2Fwp%2Fv2%2Fcategories&post=2566"},{"taxonomy":"post_tag","embeddable":true,"href":"https:\/\/federacioncantabradehipica.com\/web\/index.php?rest_route=%2Fwp%2Fv2%2Ftags&post=2566"}],"curies":[{"name":"wp","href":"https:\/\/api.w.org\/{rel}","templated":true}]}}