{"id":2679,"date":"2015-03-03T09:34:00","date_gmt":"2015-03-03T08:34:00","guid":{"rendered":"http:\/\/federacioncantabradehipica.com\/web\/?p=2679"},"modified":"2015-03-03T09:34:34","modified_gmt":"2015-03-03T08:34:34","slug":"la-amazona-cantabra-lindes-dominguez-participo-en-la-i-convocatoria-del-plan-nacional-de-tecnificacion-deportiva-de-doma-clasica","status":"publish","type":"post","link":"https:\/\/federacioncantabradehipica.com\/web\/?p=2679","title":{"rendered":"La amazona c\u00e1ntabra, Lindes Dom\u00ednguez, particip\u00f3 en la I Convocatoria del Plan Nacional de Tecnificaci\u00f3n Deportiva de Doma Cl\u00e1sica"},"content":{"rendered":"<p style=\"text-align: justify;\"><!--more-->Los d\u00edas, 21 y 22 de Febrero de 2015, la joven amazona c\u00e1ntabra, alumna de\u00a0Centro H\u00edpico del Pisue\u00f1a (Villacarriedo), Lindes Dom\u00ednguez D\u00edaz particip\u00f3 en la I\u00a0Convocatoria del Plan Nacional de Tecnificaci\u00f3n Deportiva de Doma Cl\u00e1sica 2015 de la\u00a0Real Federaci\u00f3n H\u00edpica Espa\u00f1ola, junto con su profesor y Director T\u00e9cnico del Centro,\u00a0Carlos G\u00f3mez Fern\u00e1ndez, montando el caballo Marqu\u00e9s de Tezanos, propiedad de laGanader\u00eda Fonfria.<\/p>\n<p style=\"text-align: justify;\">Dicho curso tuvo lugar en Oviedo, en el Centro Ecuestre el Asturc\u00f3n y, al mismo,\u00a0acudieron otras j\u00f3venes promesas de la Doma Cl\u00e1sica procedentes de Pa\u00eds Vasco,Asturias, Galicia, Castilla y Le\u00f3n, Madrid y La Rioja.<\/p>\n<p style=\"text-align: justify;\">Lo que se pretende con este Plan es realizar un seguimiento t\u00e9cnico general, en todas\u00a0las competiciones nacionales e internacionales en las que participen binomios espa\u00f1oles\u00a0menores, por parte de la Direcci\u00f3n T\u00e9cnica de Doma de la RFHE, la cu\u00e1l est\u00e1 formada\u00a0por un gran n\u00famero de profesionales del sector, destacando la presencia del Director\u00a0T\u00e9cnico de Doma de la RFHE, Lu\u00eds Lucio.<\/p>\n<p style=\"text-align: justify;\">En esta ocasi\u00f3n contaron con la presencia del Juez Internacional 3* de la RFHE,\u00a0Miguel Jord\u00e1, el cual juzg\u00f3 las diferentes reprises que llevaban preparados cada uno de\u00a0los binomios participantes en la simulaci\u00f3n de competici\u00f3n que se desarroll\u00f3 durante la\u00a0ma\u00f1ana del domingo.<\/p>\n<p style=\"text-align: justify;\">La pr\u00f3xima convocatoria se realizar\u00e1 durante los d\u00edas 14 y 15 de Noviembre, donde se\u00a0pretende seguir la evoluci\u00f3n de todos y cada uno de los binomios participantes en la\u00a0presente edici\u00f3n a lo largo de las diferentes competiciones del a\u00f1o 2015.<\/p>\n","protected":false},"excerpt":{"rendered":"","protected":false},"author":1,"featured_media":2680,"comment_status":"closed","ping_status":"closed","sticky":false,"template":"","format":"standard","meta":{"kt_blocks_editor_width":"","_jetpack_memberships_contains_paid_content":false,"footnotes":"","jetpack_publicize_message":"","jetpack_publicize_feature_enabled":true,"jetpack_social_post_already_shared":false,"jetpack_social_options":{"image_generator_settings":{"template":"highway","default_image_id":0,"font":"","enabled":false},"version":2}},"categories":[6],"tags":[],"class_list":["post-2679","post","type-post","status-publish","format-standard","has-post-thumbnail","hentry","category-noticias"],"jetpack_publicize_connections":[],"jetpack_featured_media_url":"https:\/\/i0.wp.com\/federacioncantabradehipica.com\/web\/wp-content\/uploads\/2015\/03\/Captura-de-pantalla-2015-03-03-a-las-9.32.19.png?fit=684%2C512&ssl=1","jetpack_sharing_enabled":true,"jetpack_shortlink":"https:\/\/wp.me\/p3jrBv-Hd","jetpack_likes_enabled":false,"_links":{"self":[{"href":"https:\/\/federacioncantabradehipica.com\/web\/index.php?rest_route=\/wp\/v2\/posts\/2679","targetHints":{"allow":["GET"]}}],"collection":[{"href":"https:\/\/federacioncantabradehipica.com\/web\/index.php?rest_route=\/wp\/v2\/posts"}],"about":[{"href":"https:\/\/federacioncantabradehipica.com\/web\/index.php?rest_route=\/wp\/v2\/types\/post"}],"author":[{"embeddable":true,"href":"https:\/\/federacioncantabradehipica.com\/web\/index.php?rest_route=\/wp\/v2\/users\/1"}],"replies":[{"embeddable":true,"href":"https:\/\/federacioncantabradehipica.com\/web\/index.php?rest_route=%2Fwp%2Fv2%2Fcomments&post=2679"}],"version-history":[{"count":2,"href":"https:\/\/federacioncantabradehipica.com\/web\/index.php?rest_route=\/wp\/v2\/posts\/2679\/revisions"}],"predecessor-version":[{"id":2682,"href":"https:\/\/federacioncantabradehipica.com\/web\/index.php?rest_route=\/wp\/v2\/posts\/2679\/revisions\/2682"}],"wp:featuredmedia":[{"embeddable":true,"href":"https:\/\/federacioncantabradehipica.com\/web\/index.php?rest_route=\/wp\/v2\/media\/2680"}],"wp:attachment":[{"href":"https:\/\/federacioncantabradehipica.com\/web\/index.php?rest_route=%2Fwp%2Fv2%2Fmedia&parent=2679"}],"wp:term":[{"taxonomy":"category","embeddable":true,"href":"https:\/\/federacioncantabradehipica.com\/web\/index.php?rest_route=%2Fwp%2Fv2%2Fcategories&post=2679"},{"taxonomy":"post_tag","embeddable":true,"href":"https:\/\/federacioncantabradehipica.com\/web\/index.php?rest_route=%2Fwp%2Fv2%2Ftags&post=2679"}],"curies":[{"name":"wp","href":"https:\/\/api.w.org\/{rel}","templated":true}]}}