{"id":2731,"date":"2015-04-08T13:14:29","date_gmt":"2015-04-08T11:14:29","guid":{"rendered":"http:\/\/federacioncantabradehipica.com\/web\/?p=2731"},"modified":"2015-04-09T21:00:22","modified_gmt":"2015-04-09T19:00:22","slug":"140-salidas-a-pista-en-la-liga-de-salto-del-centro-hipico-laredo","status":"publish","type":"post","link":"https:\/\/federacioncantabradehipica.com\/web\/?p=2731","title":{"rendered":"140 salidas a pista en la Liga de Salto del Centro H\u00edpico Laredo"},"content":{"rendered":"<p style=\"text-align: center;\"><span style=\"color: #000000;\"><strong>La pr\u00f3xima sede ser\u00e1 el domingo\u00a012 de abril de 2015 en el Centro H\u00edpico La Portilla<\/strong><\/span><!--more--><\/p>\n<p style=\"text-align: justify;\">El pasado domingo, el Centro H\u00edpico Laredo, aprovechando el aplazamiento del CSN 2*, organiz\u00f3 la segunda sede de la Liga C\u00e1ntabra de Saltos con un total de 140 salidas a pista.<\/p>\n<p style=\"text-align: justify;\">El buen tiempo acompa\u00f1\u00f3 durante toda la jornada, en donde, <strong>Luc\u00eda San Mart\u00edn<\/strong> con &#8216;Zarina&#8217; se proclam\u00f3 ganadora de la prueba de cruzadas, seguida de <strong>Alba Cobo <\/strong>con &#8216;Littersess&#8217;\u00a0y <strong>Luc\u00eda Vega <\/strong>con &#8216;Cuqui&#8217;.<\/p>\n<p style=\"text-align: justify;\">En la prueba de 0.60 metros, el mejor tiempo fue registrado por <strong>Luc\u00eda Tudela<\/strong> con &#8216;Vega&#8217;. Segunda termin\u00f3 <strong>Mar\u00eda Cardenal<\/strong> con &#8216;Jacinto&#8217; y tercera, <strong>Carolina Revuelta<\/strong> con &#8216;Rubi Star&#8217;. <strong>Oihane Fern\u00e1ndez<\/strong> gan\u00f3 la prueba de 0.90 metros con &#8216;Goden Finest Blend&#8217;, <strong>Paloma Ceballos<\/strong> con &#8216;Ciska&#8217; fue segunda y <strong>Carolina Nu\u00f1ez<\/strong>, tercera con &#8216;Shambala&#8217;.<\/p>\n<p style=\"text-align: justify;\">En la prueba de 1.10 metros, en donde, se registraron un total de diez ceros, <strong>Aridia Lav\u00edn<\/strong> result\u00f3 ganadora con el veterano &#8216;Ilton Mustior&#8217;. Segunda termin\u00f3 <strong>Lidia Fern\u00e1ndez<\/strong> con &#8216;Dorada Or&#8217;, mientras que, tercera termin\u00f3 <strong>Ana Ceano-Vivas<\/strong> con &#8216;Jolanda&#8217;. En la &#8216;prueba grande&#8217;, <strong>Pablo Gonz\u00e1lez Pedrosa<\/strong> ocup\u00f3 las dos primeras posiciones con &#8216;Pescador de Cueto&#8217; y &#8216;Nesprit&#8217;, respectivamente. Tercera fue <strong>Amaia Cormenzana<\/strong> con &#8216;Queens de Mery&#8217;.<\/p>\n<ul>\n<li style=\"text-align: justify;\"><a href=\"http:\/\/federacioncantabradehipica.com\/web\/?p=2638\"><strong>RESULTADOS<\/strong><\/a><\/li>\n<\/ul>\n<p style=\"text-align: justify;\">\n","protected":false},"excerpt":{"rendered":"<p>La pr\u00f3xima sede ser\u00e1 el domingo\u00a012 de abril de 2015 en el Centro H\u00edpico La Portilla<\/p>\n","protected":false},"author":1,"featured_media":2740,"comment_status":"closed","ping_status":"closed","sticky":false,"template":"","format":"standard","meta":{"kt_blocks_editor_width":"","_jetpack_memberships_contains_paid_content":false,"footnotes":"","jetpack_publicize_message":"","jetpack_publicize_feature_enabled":true,"jetpack_social_post_already_shared":false,"jetpack_social_options":{"image_generator_settings":{"template":"highway","default_image_id":0,"font":"","enabled":false},"version":2}},"categories":[6],"tags":[],"class_list":["post-2731","post","type-post","status-publish","format-standard","has-post-thumbnail","hentry","category-noticias"],"jetpack_publicize_connections":[],"jetpack_featured_media_url":"https:\/\/i0.wp.com\/federacioncantabradehipica.com\/web\/wp-content\/uploads\/2015\/04\/unnamed.jpg?fit=1280%2C850&ssl=1","jetpack_sharing_enabled":true,"jetpack_shortlink":"https:\/\/wp.me\/p3jrBv-I3","jetpack_likes_enabled":false,"_links":{"self":[{"href":"https:\/\/federacioncantabradehipica.com\/web\/index.php?rest_route=\/wp\/v2\/posts\/2731","targetHints":{"allow":["GET"]}}],"collection":[{"href":"https:\/\/federacioncantabradehipica.com\/web\/index.php?rest_route=\/wp\/v2\/posts"}],"about":[{"href":"https:\/\/federacioncantabradehipica.com\/web\/index.php?rest_route=\/wp\/v2\/types\/post"}],"author":[{"embeddable":true,"href":"https:\/\/federacioncantabradehipica.com\/web\/index.php?rest_route=\/wp\/v2\/users\/1"}],"replies":[{"embeddable":true,"href":"https:\/\/federacioncantabradehipica.com\/web\/index.php?rest_route=%2Fwp%2Fv2%2Fcomments&post=2731"}],"version-history":[{"count":2,"href":"https:\/\/federacioncantabradehipica.com\/web\/index.php?rest_route=\/wp\/v2\/posts\/2731\/revisions"}],"predecessor-version":[{"id":2738,"href":"https:\/\/federacioncantabradehipica.com\/web\/index.php?rest_route=\/wp\/v2\/posts\/2731\/revisions\/2738"}],"wp:featuredmedia":[{"embeddable":true,"href":"https:\/\/federacioncantabradehipica.com\/web\/index.php?rest_route=\/wp\/v2\/media\/2740"}],"wp:attachment":[{"href":"https:\/\/federacioncantabradehipica.com\/web\/index.php?rest_route=%2Fwp%2Fv2%2Fmedia&parent=2731"}],"wp:term":[{"taxonomy":"category","embeddable":true,"href":"https:\/\/federacioncantabradehipica.com\/web\/index.php?rest_route=%2Fwp%2Fv2%2Fcategories&post=2731"},{"taxonomy":"post_tag","embeddable":true,"href":"https:\/\/federacioncantabradehipica.com\/web\/index.php?rest_route=%2Fwp%2Fv2%2Ftags&post=2731"}],"curies":[{"name":"wp","href":"https:\/\/api.w.org\/{rel}","templated":true}]}}