{"id":2733,"date":"2015-04-08T13:21:17","date_gmt":"2015-04-08T11:21:17","guid":{"rendered":"http:\/\/federacioncantabradehipica.com\/web\/?p=2733"},"modified":"2015-04-08T13:24:16","modified_gmt":"2015-04-08T11:24:16","slug":"cantabros-protagonistas-en-ferrol-y-valladolud","status":"publish","type":"post","link":"https:\/\/federacioncantabradehipica.com\/web\/?p=2733","title":{"rendered":"C\u00e1ntabros protagonistas en Ferrol y Valladolid"},"content":{"rendered":"<p style=\"text-align: center;\"><strong>Durante el pasado\u00a0fin de semana, jinetes y amazonas de Cantabria han competido en el CSN 2* Yeguada Valdelamadre y en el CSN 4* Equiocio.<\/strong><!--more--><\/p>\n<p style=\"text-align: justify;\">En Valladolid, la amazona c\u00e1ntabra, Celia Hernandez Santos logr\u00f3 la victoria en la prueba de 1.10 metros con &#8216;Timba del Pomar&#8217;. Por su parte, Manuel Movell\u00e1n con &#8216;Dimas Del Pomar&#8217; finaliz\u00f3 segundo en la prueba grande del viernes. Alejandro L\u00f3pez-Ar\u00f3stegui fue cuarto en la prueba de 1.30 metros del s\u00e1bado con &#8216;Lorsay Galant&#8217;.<\/p>\n<p style=\"text-align: justify;\">En Ferrol, Jaime Su\u00e1rez, fue segundo en el Gran Premio con \u201cComptesse vd Withove\u201d y primero en la prueba de 1.30 metros del viernes con &#8216;Condessa Z&#8217;, en donde, Pablo D\u00edaz Cuevas fue cuarto con &#8216;Dimenar de Wallyro&#8217;. Mar\u00eda Le\u00f3n en la prueba de 1.10 metros del domingo termin\u00f3 segunda &#8216;Stormy Mac Garry&#8217;.<\/p>\n<p style=\"text-align: right;\"><em>\u00a9 Foto: Fotolympic \/ Ecuestre Online<\/em><\/p>\n","protected":false},"excerpt":{"rendered":"<p>Durante el pasado\u00a0fin de semana, jinetes y amazonas de Cantabria han competido en el CSN 2* Yeguada Valdelamadre y en el CSN 4* Equiocio.<\/p>\n","protected":false},"author":1,"featured_media":2737,"comment_status":"closed","ping_status":"closed","sticky":false,"template":"","format":"standard","meta":{"kt_blocks_editor_width":"","_jetpack_memberships_contains_paid_content":false,"footnotes":"","jetpack_publicize_message":"","jetpack_publicize_feature_enabled":true,"jetpack_social_post_already_shared":false,"jetpack_social_options":{"image_generator_settings":{"template":"highway","default_image_id":0,"font":"","enabled":false},"version":2}},"categories":[6],"tags":[],"class_list":["post-2733","post","type-post","status-publish","format-standard","has-post-thumbnail","hentry","category-noticias"],"jetpack_publicize_connections":[],"jetpack_featured_media_url":"https:\/\/i0.wp.com\/federacioncantabradehipica.com\/web\/wp-content\/uploads\/2015\/04\/11130222_849142861788444_629181766404700215_n.jpg?fit=900%2C600&ssl=1","jetpack_sharing_enabled":true,"jetpack_shortlink":"https:\/\/wp.me\/p3jrBv-I5","jetpack_likes_enabled":false,"_links":{"self":[{"href":"https:\/\/federacioncantabradehipica.com\/web\/index.php?rest_route=\/wp\/v2\/posts\/2733","targetHints":{"allow":["GET"]}}],"collection":[{"href":"https:\/\/federacioncantabradehipica.com\/web\/index.php?rest_route=\/wp\/v2\/posts"}],"about":[{"href":"https:\/\/federacioncantabradehipica.com\/web\/index.php?rest_route=\/wp\/v2\/types\/post"}],"author":[{"embeddable":true,"href":"https:\/\/federacioncantabradehipica.com\/web\/index.php?rest_route=\/wp\/v2\/users\/1"}],"replies":[{"embeddable":true,"href":"https:\/\/federacioncantabradehipica.com\/web\/index.php?rest_route=%2Fwp%2Fv2%2Fcomments&post=2733"}],"version-history":[{"count":3,"href":"https:\/\/federacioncantabradehipica.com\/web\/index.php?rest_route=\/wp\/v2\/posts\/2733\/revisions"}],"predecessor-version":[{"id":2736,"href":"https:\/\/federacioncantabradehipica.com\/web\/index.php?rest_route=\/wp\/v2\/posts\/2733\/revisions\/2736"}],"wp:featuredmedia":[{"embeddable":true,"href":"https:\/\/federacioncantabradehipica.com\/web\/index.php?rest_route=\/wp\/v2\/media\/2737"}],"wp:attachment":[{"href":"https:\/\/federacioncantabradehipica.com\/web\/index.php?rest_route=%2Fwp%2Fv2%2Fmedia&parent=2733"}],"wp:term":[{"taxonomy":"category","embeddable":true,"href":"https:\/\/federacioncantabradehipica.com\/web\/index.php?rest_route=%2Fwp%2Fv2%2Fcategories&post=2733"},{"taxonomy":"post_tag","embeddable":true,"href":"https:\/\/federacioncantabradehipica.com\/web\/index.php?rest_route=%2Fwp%2Fv2%2Ftags&post=2733"}],"curies":[{"name":"wp","href":"https:\/\/api.w.org\/{rel}","templated":true}]}}