{"id":4448,"date":"2016-10-17T21:03:53","date_gmt":"2016-10-17T19:03:53","guid":{"rendered":"http:\/\/federacioncantabradehipica.com\/web\/?p=4448"},"modified":"2016-10-31T21:37:29","modified_gmt":"2016-10-31T20:37:29","slug":"cantabria-ya-conoce-a-sus-campeones-de-doma-clasica-2016","status":"publish","type":"post","link":"https:\/\/federacioncantabradehipica.com\/web\/?p=4448","title":{"rendered":"Cantabria ya conoce a sus campeones de Doma Cl\u00e1sica 2016"},"content":{"rendered":"<p style=\"text-align: center;\"><strong>La Yeguada Militar de Ibio acogi\u00f3 el Campeonato Cantabria de Doma Cl\u00e1sica 2016<\/strong><br \/>\n<!--more--><\/p>\n<p style=\"text-align: justify;\">Los d\u00edas 15 y 16 se celebr\u00f3 el Campeonato Cantabria\u00a0de Doma de Cantabria en el Centro Militar de Cr\u00eda Caballar de Mazcuerras, por segundo a\u00f1o consecutivo, quedando patente su gran apoyo para el fomento del sector ecuestre en el Norte.<\/p>\n<p style=\"text-align: justify;\">Con una mayor participaci\u00f3n que en la edici\u00f3n anterior y la presencia de Jinetes de la Federaci\u00f3n Vasca, de nuevo Ibio se convirti\u00f3 en el Centro de la Doma en Cantabria.<\/p>\n<p style=\"text-align: justify;\">En los P\u00f3diums de potros\u00a0se vieronejemplares de Ganader\u00edas locales como \u201cGornazo\u201d o \u201cMonte la Llama\u00bb<\/p>\n<p style=\"text-align: center;\"><strong>CLASIFICACI\u00d3N<\/strong><\/p>\n<p style=\"text-align: left;\">4 A\u00d1OS<\/p>\n<ul>\n<li><strong>ORO: Am\u00e9rica Trueba\/ Gin Tonic RG <\/strong><\/li>\n<li><strong>PLATA: Stella V\u00eda-Dufresne\/ Kyara<\/strong><\/li>\n<li><strong>BRONCE: Ainhoa Oliver \/ Nala<\/strong><strong>\u00a0<\/strong><\/li>\n<\/ul>\n<p>5 A\u00d1OS<\/p>\n<ul>\n<li><strong>ORO: Carlos G\u00f3mez Fdez.\/ Okela CPK<\/strong><\/li>\n<li><strong>PLATA: M\u00aaJose Venero \/ Galeote PHM<\/strong><strong>\u00a0<\/strong><\/li>\n<\/ul>\n<p>6 A\u00d1OS<\/p>\n<ul>\n<li><strong>ORO:\u00a0<\/strong><strong>Carlos G\u00f3mez \/ Aguile\u00f1o Cares<\/strong><\/li>\n<li><strong>PLATA: Jacobo Guti\u00e9rrez\/ Espliego RG<\/strong><\/li>\n<\/ul>\n<p>NIVEL 0<\/p>\n<ul>\n<li><strong>ORO: Lola Verdejo\/ Irish<\/strong><\/li>\n<li><strong>PLATA: Iv\u00e1n Alonso\/ Magic<\/strong><\/li>\n<li><strong>BRONCE: Maria Labrador\/ Magic<\/strong><\/li>\n<\/ul>\n<p>ALEVINES<\/p>\n<ul>\n<li><strong>ORO: Naia Alonso \/ Casper<\/strong><\/li>\n<li><strong>PLATA: Noive Lisaso \/ Valcayo<\/strong><\/li>\n<li><strong>BRONCE: Aitana Regil Cu\u00f1arro\/ Bambi<\/strong><\/li>\n<\/ul>\n<p>INFANTILES<\/p>\n<ul>\n<li><strong>ORO- Ana Laborda Perez \/ Azor XL<\/strong><\/li>\n<\/ul>\n<p>JUVENILES<\/p>\n<ul>\n<li><strong>ORO: Noelia Abad Calder\u00f3n \/ Rekoshki<\/strong><\/li>\n<li><strong>PLATA: Qemia Lisaso Diez\/ Cachonera Parayas<\/strong><\/li>\n<li><strong>BRONCE: Irene Gorostegui\/ Corind\u00f3n II<\/strong><\/li>\n<\/ul>\n<p>ADULTOS<\/p>\n<ul>\n<li><strong>ORO: M\u00aa Jose Venero \/ Oural des Bieffes<\/strong><\/li>\n<li><strong>PLATA: Saioa Olivares \/ Daan<\/strong><\/li>\n<\/ul>\n","protected":false},"excerpt":{"rendered":"<p>La Yeguada Militar de Ibio acogi\u00f3 el Campeonato Cantabria de Doma Cl\u00e1sica 2016<\/p>\n","protected":false},"author":1,"featured_media":4449,"comment_status":"closed","ping_status":"closed","sticky":false,"template":"","format":"standard","meta":{"kt_blocks_editor_width":"","_jetpack_memberships_contains_paid_content":false,"footnotes":"","jetpack_publicize_message":"","jetpack_publicize_feature_enabled":true,"jetpack_social_post_already_shared":false,"jetpack_social_options":{"image_generator_settings":{"template":"highway","default_image_id":0,"font":"","enabled":false},"version":2}},"categories":[6],"tags":[],"class_list":["post-4448","post","type-post","status-publish","format-standard","has-post-thumbnail","hentry","category-noticias"],"jetpack_publicize_connections":[],"jetpack_featured_media_url":"https:\/\/i0.wp.com\/federacioncantabradehipica.com\/web\/wp-content\/uploads\/2016\/10\/14885755_1078022255628351_1454642683_n.jpg?fit=960%2C635&ssl=1","jetpack_sharing_enabled":true,"jetpack_shortlink":"https:\/\/wp.me\/p3jrBv-19K","jetpack_likes_enabled":false,"_links":{"self":[{"href":"https:\/\/federacioncantabradehipica.com\/web\/index.php?rest_route=\/wp\/v2\/posts\/4448","targetHints":{"allow":["GET"]}}],"collection":[{"href":"https:\/\/federacioncantabradehipica.com\/web\/index.php?rest_route=\/wp\/v2\/posts"}],"about":[{"href":"https:\/\/federacioncantabradehipica.com\/web\/index.php?rest_route=\/wp\/v2\/types\/post"}],"author":[{"embeddable":true,"href":"https:\/\/federacioncantabradehipica.com\/web\/index.php?rest_route=\/wp\/v2\/users\/1"}],"replies":[{"embeddable":true,"href":"https:\/\/federacioncantabradehipica.com\/web\/index.php?rest_route=%2Fwp%2Fv2%2Fcomments&post=4448"}],"version-history":[{"count":3,"href":"https:\/\/federacioncantabradehipica.com\/web\/index.php?rest_route=\/wp\/v2\/posts\/4448\/revisions"}],"predecessor-version":[{"id":4455,"href":"https:\/\/federacioncantabradehipica.com\/web\/index.php?rest_route=\/wp\/v2\/posts\/4448\/revisions\/4455"}],"wp:featuredmedia":[{"embeddable":true,"href":"https:\/\/federacioncantabradehipica.com\/web\/index.php?rest_route=\/wp\/v2\/media\/4449"}],"wp:attachment":[{"href":"https:\/\/federacioncantabradehipica.com\/web\/index.php?rest_route=%2Fwp%2Fv2%2Fmedia&parent=4448"}],"wp:term":[{"taxonomy":"category","embeddable":true,"href":"https:\/\/federacioncantabradehipica.com\/web\/index.php?rest_route=%2Fwp%2Fv2%2Fcategories&post=4448"},{"taxonomy":"post_tag","embeddable":true,"href":"https:\/\/federacioncantabradehipica.com\/web\/index.php?rest_route=%2Fwp%2Fv2%2Ftags&post=4448"}],"curies":[{"name":"wp","href":"https:\/\/api.w.org\/{rel}","templated":true}]}}