{"id":4474,"date":"2016-11-18T21:02:23","date_gmt":"2016-11-18T20:02:23","guid":{"rendered":"http:\/\/federacioncantabradehipica.com\/web\/?p=4474"},"modified":"2017-02-25T14:53:36","modified_gmt":"2017-02-25T13:53:36","slug":"roberto-laherran-reelegido-presidente-de-la-federacion-cantabra-de-hipica","status":"publish","type":"post","link":"https:\/\/federacioncantabradehipica.com\/web\/?p=4474","title":{"rendered":"Roberto Laherr\u00e1n, reelegido presidente de la Federaci\u00f3n C\u00e1ntabra de H\u00edpica"},"content":{"rendered":"<p style=\"text-align: center;\"><strong>La Asamblea General Extraordinaria se celebr\u00f3 en la Casa del Deporte de Cantabria<\/strong><br \/>\n<!--more--><\/p>\n<p style=\"text-align: justify;\"><img data-recalc-dims=\"1\" loading=\"lazy\" decoding=\"async\" data-attachment-id=\"4475\" data-permalink=\"https:\/\/federacioncantabradehipica.com\/web\/?attachment_id=4475\" data-orig-file=\"https:\/\/i0.wp.com\/federacioncantabradehipica.com\/web\/wp-content\/uploads\/2016\/11\/PLP_3203.jpg?fit=1600%2C1067&amp;ssl=1\" data-orig-size=\"1600,1067\" data-comments-opened=\"0\" data-image-meta=\"{&quot;aperture&quot;:&quot;0&quot;,&quot;credit&quot;:&quot;&quot;,&quot;camera&quot;:&quot;&quot;,&quot;caption&quot;:&quot;&quot;,&quot;created_timestamp&quot;:&quot;0&quot;,&quot;copyright&quot;:&quot;&quot;,&quot;focal_length&quot;:&quot;0&quot;,&quot;iso&quot;:&quot;0&quot;,&quot;shutter_speed&quot;:&quot;0&quot;,&quot;title&quot;:&quot;&quot;,&quot;orientation&quot;:&quot;0&quot;}\" data-image-title=\"plp_3203\" data-image-description=\"\" data-image-caption=\"\" data-large-file=\"https:\/\/i0.wp.com\/federacioncantabradehipica.com\/web\/wp-content\/uploads\/2016\/11\/PLP_3203.jpg?fit=1024%2C683&amp;ssl=1\" class=\"size-medium wp-image-4475 alignright\" src=\"https:\/\/i0.wp.com\/federacioncantabradehipica.com\/web\/wp-content\/uploads\/2016\/11\/PLP_3203-300x200.jpg?resize=300%2C200\" alt=\"\" width=\"300\" height=\"200\" srcset=\"https:\/\/i0.wp.com\/federacioncantabradehipica.com\/web\/wp-content\/uploads\/2016\/11\/PLP_3203.jpg?resize=300%2C200&amp;ssl=1 300w, https:\/\/i0.wp.com\/federacioncantabradehipica.com\/web\/wp-content\/uploads\/2016\/11\/PLP_3203.jpg?resize=150%2C100&amp;ssl=1 150w, https:\/\/i0.wp.com\/federacioncantabradehipica.com\/web\/wp-content\/uploads\/2016\/11\/PLP_3203.jpg?resize=1024%2C683&amp;ssl=1 1024w, https:\/\/i0.wp.com\/federacioncantabradehipica.com\/web\/wp-content\/uploads\/2016\/11\/PLP_3203.jpg?resize=262%2C175&amp;ssl=1 262w, https:\/\/i0.wp.com\/federacioncantabradehipica.com\/web\/wp-content\/uploads\/2016\/11\/PLP_3203.jpg?w=1600&amp;ssl=1 1600w\" sizes=\"auto, (max-width: 300px) 100vw, 300px\" \/>Siguiendo el calendario electoral, se ha celebrado esta tarde, en la \u00a0la aula de formaci\u00f3n de la Casa del Deporte de Cantabria, y en segunda convocatoria, la Asamblea General Extraordinaria, cuyo \u00fanico punto del Orden del d\u00eda ha sido la elecci\u00f3n de Presidente de la Federaci\u00f3n C\u00e1ntabra de H\u00edpica, siendo proclamado Presidente, el \u00fanico candidato presentado, Roberto Laherr\u00e1n Fern\u00e1ndez, que ha manifestado en \u00abseguir la l\u00ednea de trabajo de estos \u00faltimos cuatro a\u00f1os\u00bb<\/p>\n","protected":false},"excerpt":{"rendered":"<p>La Asamblea General Extraordinaria se celebr\u00f3 en la Casa del Deporte de Cantabria<\/p>\n","protected":false},"author":1,"featured_media":4475,"comment_status":"closed","ping_status":"closed","sticky":false,"template":"","format":"standard","meta":{"kt_blocks_editor_width":"","_jetpack_memberships_contains_paid_content":false,"footnotes":"","jetpack_publicize_message":"","jetpack_publicize_feature_enabled":true,"jetpack_social_post_already_shared":false,"jetpack_social_options":{"image_generator_settings":{"template":"highway","default_image_id":0,"font":"","enabled":false},"version":2}},"categories":[6],"tags":[],"class_list":["post-4474","post","type-post","status-publish","format-standard","has-post-thumbnail","hentry","category-noticias"],"jetpack_publicize_connections":[],"jetpack_featured_media_url":"https:\/\/i0.wp.com\/federacioncantabradehipica.com\/web\/wp-content\/uploads\/2016\/11\/PLP_3203.jpg?fit=1600%2C1067&ssl=1","jetpack_sharing_enabled":true,"jetpack_shortlink":"https:\/\/wp.me\/p3jrBv-1aa","jetpack_likes_enabled":false,"_links":{"self":[{"href":"https:\/\/federacioncantabradehipica.com\/web\/index.php?rest_route=\/wp\/v2\/posts\/4474","targetHints":{"allow":["GET"]}}],"collection":[{"href":"https:\/\/federacioncantabradehipica.com\/web\/index.php?rest_route=\/wp\/v2\/posts"}],"about":[{"href":"https:\/\/federacioncantabradehipica.com\/web\/index.php?rest_route=\/wp\/v2\/types\/post"}],"author":[{"embeddable":true,"href":"https:\/\/federacioncantabradehipica.com\/web\/index.php?rest_route=\/wp\/v2\/users\/1"}],"replies":[{"embeddable":true,"href":"https:\/\/federacioncantabradehipica.com\/web\/index.php?rest_route=%2Fwp%2Fv2%2Fcomments&post=4474"}],"version-history":[{"count":3,"href":"https:\/\/federacioncantabradehipica.com\/web\/index.php?rest_route=\/wp\/v2\/posts\/4474\/revisions"}],"predecessor-version":[{"id":4729,"href":"https:\/\/federacioncantabradehipica.com\/web\/index.php?rest_route=\/wp\/v2\/posts\/4474\/revisions\/4729"}],"wp:featuredmedia":[{"embeddable":true,"href":"https:\/\/federacioncantabradehipica.com\/web\/index.php?rest_route=\/wp\/v2\/media\/4475"}],"wp:attachment":[{"href":"https:\/\/federacioncantabradehipica.com\/web\/index.php?rest_route=%2Fwp%2Fv2%2Fmedia&parent=4474"}],"wp:term":[{"taxonomy":"category","embeddable":true,"href":"https:\/\/federacioncantabradehipica.com\/web\/index.php?rest_route=%2Fwp%2Fv2%2Fcategories&post=4474"},{"taxonomy":"post_tag","embeddable":true,"href":"https:\/\/federacioncantabradehipica.com\/web\/index.php?rest_route=%2Fwp%2Fv2%2Ftags&post=4474"}],"curies":[{"name":"wp","href":"https:\/\/api.w.org\/{rel}","templated":true}]}}