{"id":575,"date":"2013-04-06T11:00:04","date_gmt":"2013-04-06T09:00:04","guid":{"rendered":"http:\/\/federacioncantabradehipica.com\/web\/?p=575"},"modified":"2013-04-19T23:39:07","modified_gmt":"2013-04-19T21:39:07","slug":"triunfo-de-fernando-cayon-en-el-raid-el-madrono-rev-beethoven-fue-vendido-a-emiratos-arabes","status":"publish","type":"post","link":"https:\/\/federacioncantabradehipica.com\/web\/?p=575","title":{"rendered":"Triunfo de Fernando Cay\u00f3n en el Raid El Madro\u00f1o. Rev-Beethoven fue vendido a Emiratos \u00c1rabes."},"content":{"rendered":"<p style=\"text-align: center;\">Fernado Cay\u00f3n gan\u00f3 el Raid El Madro\u00f1o, mientras que, el caballo nacido y criado en Cantabria, Rev-Beethoven finaliz\u00f3 segundo en el Raid CEI*** de\u00a0Fontainebleau.<\/p>\n<p style=\"text-align: center;\"><!--more--><!--more--><\/p>\n<p>El c\u00e1ntabro <strong>Fernando Cay\u00f3n Ordo\u00f1ez<\/strong> con &#8216;<strong>Rohf Lord<\/strong>&#8216; finaliz\u00f3 en la primera posici\u00f3n y logr\u00f3 el &#8216;<strong>Best Condiction<\/strong>&#8216; en el Raid <strong>El Madro\u00f1o CEN0<\/strong>* celebrado en Brunete (<strong>Madrid<\/strong>).<\/p>\n<p>Por otra parte, el pasado s\u00e1bado d\u00eda 30 de marzo se celebr\u00f3 en Fontainebleau (Francia), un Raid CEI*** de 160 kil\u00f3metros, con 80 participantes, en donde <strong>Rev-Beethoven<\/strong> se clasific\u00f3 en segundo lugar, en el mismo tiempo que el ganador en un disputado &#8216;sprint&#8217;. Al d\u00eda siguiente de la prueba, el caballo fue <strong>vendido<\/strong> a una cuadra de los <strong>Emiratos \u00c1rabes<\/strong>.<\/p>\n<p>Rev-Beethoven es un caballo P.R.A <strong>nacido y criado<\/strong> en <strong>Cantabria<\/strong>, hijo de Adal-Umara y Festin, este a su vez es hijo de Sirge y actualmente est\u00e1 de sementan en <strong>Liendo<\/strong>, con varios productos ganando competiciones. Con estos \u00faltimos resultados obtenidos tanto en Raid como en Salto se demuesra la calidad en caballos deportivos que tenemos en Cantabria. \u00a1Esperemos que la racha contin\u00fae&#8230;!<\/p>\n","protected":false},"excerpt":{"rendered":"<p>Fernado Cay\u00f3n gan\u00f3 el Raid El Madro\u00f1o, mientras que, el caballo nacido y criado en Cantabria, Rev-Beethoven finaliz\u00f3 segundo en el Raid CEI*** de\u00a0Fontainebleau.<\/p>\n","protected":false},"author":1,"featured_media":576,"comment_status":"closed","ping_status":"closed","sticky":false,"template":"","format":"standard","meta":{"kt_blocks_editor_width":"","_jetpack_memberships_contains_paid_content":false,"footnotes":"","jetpack_publicize_message":"","jetpack_publicize_feature_enabled":true,"jetpack_social_post_already_shared":false,"jetpack_social_options":{"image_generator_settings":{"template":"highway","default_image_id":0,"font":"","enabled":false},"version":2}},"categories":[6],"tags":[],"class_list":["post-575","post","type-post","status-publish","format-standard","has-post-thumbnail","hentry","category-noticias"],"jetpack_publicize_connections":[],"jetpack_featured_media_url":"https:\/\/i0.wp.com\/federacioncantabradehipica.com\/web\/wp-content\/uploads\/2013\/04\/28140_521501861219214_93936507_n.jpg?fit=403%2C403&ssl=1","jetpack_sharing_enabled":true,"jetpack_shortlink":"https:\/\/wp.me\/p3jrBv-9h","jetpack_likes_enabled":false,"_links":{"self":[{"href":"https:\/\/federacioncantabradehipica.com\/web\/index.php?rest_route=\/wp\/v2\/posts\/575","targetHints":{"allow":["GET"]}}],"collection":[{"href":"https:\/\/federacioncantabradehipica.com\/web\/index.php?rest_route=\/wp\/v2\/posts"}],"about":[{"href":"https:\/\/federacioncantabradehipica.com\/web\/index.php?rest_route=\/wp\/v2\/types\/post"}],"author":[{"embeddable":true,"href":"https:\/\/federacioncantabradehipica.com\/web\/index.php?rest_route=\/wp\/v2\/users\/1"}],"replies":[{"embeddable":true,"href":"https:\/\/federacioncantabradehipica.com\/web\/index.php?rest_route=%2Fwp%2Fv2%2Fcomments&post=575"}],"version-history":[{"count":5,"href":"https:\/\/federacioncantabradehipica.com\/web\/index.php?rest_route=\/wp\/v2\/posts\/575\/revisions"}],"predecessor-version":[{"id":580,"href":"https:\/\/federacioncantabradehipica.com\/web\/index.php?rest_route=\/wp\/v2\/posts\/575\/revisions\/580"}],"wp:featuredmedia":[{"embeddable":true,"href":"https:\/\/federacioncantabradehipica.com\/web\/index.php?rest_route=\/wp\/v2\/media\/576"}],"wp:attachment":[{"href":"https:\/\/federacioncantabradehipica.com\/web\/index.php?rest_route=%2Fwp%2Fv2%2Fmedia&parent=575"}],"wp:term":[{"taxonomy":"category","embeddable":true,"href":"https:\/\/federacioncantabradehipica.com\/web\/index.php?rest_route=%2Fwp%2Fv2%2Fcategories&post=575"},{"taxonomy":"post_tag","embeddable":true,"href":"https:\/\/federacioncantabradehipica.com\/web\/index.php?rest_route=%2Fwp%2Fv2%2Ftags&post=575"}],"curies":[{"name":"wp","href":"https:\/\/api.w.org\/{rel}","templated":true}]}}