{"id":585,"date":"2013-04-10T22:21:05","date_gmt":"2013-04-10T20:21:05","guid":{"rendered":"http:\/\/federacioncantabradehipica.com\/web\/?p=585"},"modified":"2013-04-25T23:01:37","modified_gmt":"2013-04-25T21:01:37","slug":"se-celebro-una-nueva-edicion-del-raid-tama-potes","status":"publish","type":"post","link":"https:\/\/federacioncantabradehipica.com\/web\/?p=585","title":{"rendered":"Se celebr\u00f3 una nueva edici\u00f3n del Raid Tama-Potes"},"content":{"rendered":"<p align=\"center\">Florentino Pereira gan\u00f3 la prueba de 81 kil\u00f3metros (CEN1*), Carlos Calvo la CEN0* y Jairo Rodr\u00edguez la prueba de 40 kil\u00f3metros. \u00a0Los participantes disfrutaron de unas excelentes condiciones meteorol\u00f3gicas para este tipo de pruebas de resistencia h\u00edpica.<\/p>\n<p align=\"center\"><!--more--><\/p>\n<p>El pasado domingo se celebr\u00f3 una nueva edici\u00f3n del raid h\u00edpico lebaniego que comenz\u00f3 en Tama y finaliz\u00f3 en Potes. Esta \u2018cl\u00e1sica prueba\u2019 cont\u00f3 con un total de 25 participantes, procedentes en su mayor\u00eda de Cantabria y Asturias. Durante el raid, se celebraron tres pruebas (CEN1* &#8211; 81 kil\u00f3metros), (CEN0* &#8211; 81 Kil\u00f3metros) y promoci\u00f3n (CEPT \u2013 40 kil\u00f3metros)<\/p>\n<p>Florentino Pereira con \u2018Agente 67\u2019 registr\u00f3 el mejor tiempo (5 horas y 59 minutos) de la prueba CEN1* que cont\u00f3 con un recorrido de 81 kil\u00f3metros. Segundo fue Guillermo Gonz\u00e1lez (6 horas) con \u2018Camerut\u2019, mientras que, Marcelo Vicente fue tercero con \u2018Shetan\u2019.<\/p>\n<p>En la prueba CEN 0* que tambi\u00e9n fue de un recorrido de 81 kil\u00f3metros, dividido en tres etapas con 27 kil\u00f3metros cada uno, fue ganado por el jinete Carlos Calvo con \u2018Adal Serezade\u2019 (7 horas y 54 minutos), mientras que, Cristina Gobantes fue segunda con \u2018Adal-Orestes\u2019.<\/p>\n<p>En la prueba de promoci\u00f3n (CEPT) sobre un recorrido de 40 kil\u00f3metros, fue ganado por Jairo Rodr\u00edguez despu\u00e9s de sumar el mejor tiempo de la prueba (3 horas y 15 minutos) con \u2018Lirycal-Breezee\u2019 (qui\u00e9n tambi\u00e9n fue \u2018best-condition\u2019), segunda fue Paola Noriega con \u2018Shakir\u2019, y tercero Carlos Noriega con \u2018Adal-Nomada\u2019.<\/p>\n<p>El raid fue organizado por el Centro Ecuestre Aravalle con Andrea Zubillaga y Roberto Laherr\u00e1n a la cabeza. El presidente del jurado fue Manuel S\u00e1nchez, acompa\u00f1ado por los jueces Jos\u00e9 Ram\u00f3n Fern\u00e1ndez Pinedo y Lucio Guerra Bernal. Pedro Villate fue el delegado de la Federaci\u00f3n C\u00e1ntabra de H\u00edpica, la comisi\u00f3n veterinaria fue formada por In\u00e9s Mart\u00ednez P\u00e9rez y Marcelino Valle Fonck, mientras que, el herrado fue Antonio Otero.<\/p>\n<p>Andrea Zubillaga, responsable del Centro Ecuestre Aravalle, coment\u00f3 al Peri\u00f3dico Alerta \u2018la satisfacci\u00f3n por haber organizado otra prueba de este tipo que ya se est\u00e1 convirtiendo en una cl\u00e1sica en la comarca de Li\u00e9bana, cada vez son m\u00e1s los que se desplazan desde otras autonom\u00edas para participar lo que nos da optimismo para seguir adelante para que se celebren muchas m\u00e1s\u2019 a\u00f1adiendo que \u2018de momento ya nos ponemos a trabajar para intentar que la siguiente edici\u00f3n resulte a\u00fan mejor que la del domingo\u2019.<\/p>\n<p style=\"text-align: right;\">Foto: \u00a0Jorge Riesgo<\/p>\n<p style=\"text-align: center;\"><strong>RESULTADOS III RAID TAMA (CEN 1*- 81 km)<\/strong><\/p>\n<p><strong>1<\/strong>&#8211; FLORENTINO PEREIRA&#8211; 5.59.59&#8212;&#8211;13,5K\/H<br \/>\nAGENTE-67&#8212;&#8212;VET-GATE- 4 minutos 51 SEG<br \/>\n<strong>2<\/strong>&#8211; GUILLERMO GONZALEZ&#8212;&#8212;- 6.00.00&#8212;&#8211;13,5 K\/H<br \/>\nCAMERUT&#8212;-VET-GATE- 4 minutos oo segundos<br \/>\n<strong>3<\/strong>&#8211; MARCELO VICENTE &#8212;&#8212; 6.14.05&#8212;&#8212;-13,2 K\/H<br \/>\nSHETAN &#8212;- 7 minutos 10 segundos<br \/>\n<strong>4<\/strong>&#8211; PLACIDO DIAZ&#8212;&#8212;&#8212;&#8212;&#8212;&#8212;-6.38.23&#8212;&#8212;&#8212;12,5 K\/H<br \/>\nHASSAN&#8212;&#8212;&#8212; 3 minutos 40 seg.<br \/>\n<strong>5<\/strong>&#8211; DAVID TOBIAS&#8212;&#8212;&#8212;&#8212;&#8212;&#8212;8,04,12&#8212;&#8212;&#8212;-10,10 K\/H<br \/>\nRHOF\u2014JORAM 12 minutos 02 sg<br \/>\n<strong>6<\/strong>&#8211; FRANCISCA LOZANO&#8212;&#8212;&#8212;-8.04.13&#8212;&#8212;&#8212;10,10K\/H<br \/>\nEL LEAU&#8211; 11 minutos,5sg<br \/>\n<strong>7<\/strong>&#8211; ALBERTO CANALES&#8212;&#8212;&#8212;-8.04.14&#8212;&#8212;&#8212;&#8211;10,10K\/H<br \/>\nJERSITT \u2013BUGATTI &#8212;&#8212;-12 minutos 5sg.<br \/>\n<strong>8<\/strong>&#8211; TOMAS CORTAZAR&#8212;&#8212;&#8212; 9.45..10&#8212;&#8212;&#8212;&#8211;8,5K\/H<br \/>\nSeb-Addel&#8212;&#8212;&#8211; 5 minutos 50 sg.<\/p>\n<p style=\"text-align: center;\"><strong>RESULTADOS III RAID DE TAMA (CEN0* &#8211; 81 km)<\/strong><\/p>\n<p><strong>1<\/strong>-CARLOS CALVO. &#8212;-7HORAS 54MINUTOS,12SG.<br \/>\nADAL- SEREZADE&#8212;VET-GATE- 17 MINUTOS Y 30SEGUNDOS<br \/>\n<strong>2<\/strong>-CRISTINA GOBANTES&#8212;7HORAS 56 MINUTOS45SG.<br \/>\nADAL-ORESTES&#8212;&#8212;&#8212;&#8212;&#8212;&#8212;18 MINUTOS 50 SEGUNDOS<\/p>\n<p><strong>BEST-CONDITION<\/strong>: ADAL-SEREZADE<\/p>\n<p style=\"text-align: center;\"><strong>RESULTADOS III RAID DE TAMA (<strong>CEP-T- 40 KM)<\/strong><\/strong><\/p>\n<p><strong>1<\/strong>-JAIRO RODRIGUEZ&#8212;&#8211;3H. 15 \u201412,30K\/H<br \/>\nLIRYCAL-BREEZEE&#8212;&#8212;&#8212;-VET-GATE- 14MINUTOS Y 05 SGUNDOS<br \/>\n<strong>2<\/strong>-PAOLA NORIEGA&#8211;3H.16 MINUTO-12,25K\/H<br \/>\nSHAKIR&#8212;&#8212;&#8212;&#8212;VET-GATE- 14MINUTOS Y 30 SG.<br \/>\n<strong>3<\/strong>-CARLOS NORIEGA&#8212;3H. 20 MINUTOS-12,12K\/H<br \/>\nADAL- NOMADA&#8212;VET-GATE. 18MINUTOS Y 20 SG,<br \/>\n<strong>4<\/strong> \u2013 IGNACIO FORNOS&#8212;3H. 29 MINUTOS-11,42K\/H<br \/>\nIRIA \u2013FIFA&#8212;- VET-GATE- 34 MINUTOS Y 10 SG.<br \/>\n<strong>5<\/strong>\u2014JAIRO RUGAMA\u20143H.37 MINUTOS-11,12K\/H<br \/>\nLUCERO&#8212;&#8211;VET-GATE\u201415 MINUTOS Y 10 SG.<br \/>\n<strong>6<\/strong>-MIGUEL NAVARRO-3H. 58MINUTOS\u201410,10K\/H<br \/>\nKALIMA&#8212;&#8211;VET-GATE-12 MINUTOS Y 50 SEGUNDOS<br \/>\n<strong>7<\/strong>-VICENTE IGLESIAS -4H.01MINUTOS-10,02K\/H<\/p>\n<p><strong>BEST- CONDITION<\/strong>: \u201cLIRYCAL-BREEZE\u201d<\/p>\n<h1 style=\"text-align: center;\"><a href=\"http:\/\/www.facebook.com\/media\/set\/?set=a.523171234385610.1073741889.505823252787075&amp;type=1&amp;l=144dddee15\">GALER\u00cdA DE FOTOS<\/a><\/h1>\n","protected":false},"excerpt":{"rendered":"<p>Florentino Pereira gan\u00f3 la prueba de 81 kil\u00f3metros (CEN1*), Carlos Calvo la CEN0* y Jairo Rodr\u00edguez la prueba de 40 kil\u00f3metros. \u00a0Los participantes disfrutaron de unas excelentes condiciones meteorol\u00f3gicas para este tipo de pruebas de resistencia h\u00edpica.<\/p>\n","protected":false},"author":1,"featured_media":586,"comment_status":"closed","ping_status":"closed","sticky":false,"template":"","format":"standard","meta":{"kt_blocks_editor_width":"","_jetpack_memberships_contains_paid_content":false,"footnotes":"","jetpack_publicize_message":"","jetpack_publicize_feature_enabled":true,"jetpack_social_post_already_shared":false,"jetpack_social_options":{"image_generator_settings":{"template":"highway","default_image_id":0,"font":"","enabled":false},"version":2}},"categories":[6],"tags":[],"class_list":["post-585","post","type-post","status-publish","format-standard","has-post-thumbnail","hentry","category-noticias"],"jetpack_publicize_connections":[],"jetpack_featured_media_url":"https:\/\/i0.wp.com\/federacioncantabradehipica.com\/web\/wp-content\/uploads\/2013\/04\/Captura-de-pantalla-2013-04-10-a-las-22.19.55.png?fit=649%2C485&ssl=1","jetpack_sharing_enabled":true,"jetpack_shortlink":"https:\/\/wp.me\/p3jrBv-9r","jetpack_likes_enabled":false,"_links":{"self":[{"href":"https:\/\/federacioncantabradehipica.com\/web\/index.php?rest_route=\/wp\/v2\/posts\/585","targetHints":{"allow":["GET"]}}],"collection":[{"href":"https:\/\/federacioncantabradehipica.com\/web\/index.php?rest_route=\/wp\/v2\/posts"}],"about":[{"href":"https:\/\/federacioncantabradehipica.com\/web\/index.php?rest_route=\/wp\/v2\/types\/post"}],"author":[{"embeddable":true,"href":"https:\/\/federacioncantabradehipica.com\/web\/index.php?rest_route=\/wp\/v2\/users\/1"}],"replies":[{"embeddable":true,"href":"https:\/\/federacioncantabradehipica.com\/web\/index.php?rest_route=%2Fwp%2Fv2%2Fcomments&post=585"}],"version-history":[{"count":7,"href":"https:\/\/federacioncantabradehipica.com\/web\/index.php?rest_route=\/wp\/v2\/posts\/585\/revisions"}],"predecessor-version":[{"id":688,"href":"https:\/\/federacioncantabradehipica.com\/web\/index.php?rest_route=\/wp\/v2\/posts\/585\/revisions\/688"}],"wp:featuredmedia":[{"embeddable":true,"href":"https:\/\/federacioncantabradehipica.com\/web\/index.php?rest_route=\/wp\/v2\/media\/586"}],"wp:attachment":[{"href":"https:\/\/federacioncantabradehipica.com\/web\/index.php?rest_route=%2Fwp%2Fv2%2Fmedia&parent=585"}],"wp:term":[{"taxonomy":"category","embeddable":true,"href":"https:\/\/federacioncantabradehipica.com\/web\/index.php?rest_route=%2Fwp%2Fv2%2Fcategories&post=585"},{"taxonomy":"post_tag","embeddable":true,"href":"https:\/\/federacioncantabradehipica.com\/web\/index.php?rest_route=%2Fwp%2Fv2%2Ftags&post=585"}],"curies":[{"name":"wp","href":"https:\/\/api.w.org\/{rel}","templated":true}]}}