{"id":604,"date":"2013-04-14T21:01:33","date_gmt":"2013-04-14T19:01:33","guid":{"rendered":"http:\/\/federacioncantabradehipica.com\/web\/?p=604"},"modified":"2013-05-12T21:42:14","modified_gmt":"2013-05-12T19:42:14","slug":"el-ch-laredo-acogio-la-segunda-sede-de-la-liga-cantabra-de-salto","status":"publish","type":"post","link":"https:\/\/federacioncantabradehipica.com\/web\/?p=604","title":{"rendered":"El CH Laredo acogi\u00f3 la segunda sede de la Liga C\u00e1ntabra de Salto"},"content":{"rendered":"<p style=\"text-align: center;\">Evelin Saiz, Ana Fern\u00e1ndez de Velasco, Daniela Bengoechea, Celia Hern\u00e1ndez y Manuel Guill\u00e9n lideran la clasificaci\u00f3n general tras la segunda sede de la Liga C\u00e1ntabra de Salto<\/p>\n<p style=\"text-align: center;\"><!--more--><\/p>\n<p style=\"text-align: justify;\"><strong>PABLO LANZA<\/strong> | El Centro H\u00edpico Laredo acogi\u00f3 la segunda sede de la Liga C\u00e1ntabra de Saltos en un espectacular d\u00eda de sol y calor que acompa\u00f1o al centenar de jinetes y amazonas que participaron en las diferentes pruebas (cruzadas, 0.60, 0.90, 1.10 y 1.20 metros).<\/p>\n<p style=\"text-align: justify;\">En la prueba inaugural, la joven amazona del Centro H\u00edpico El Bocal, <strong>Ana Fern\u00e1ndez de Velasco<\/strong>, marc\u00f3 el mejor tiempo de la prueba de cruzadas con \u2018Cuco\u2019 (53,87). Segunda fue <strong>Evelin Saiz<\/strong> con \u2018Cinderella 463\u2019 y tercera <strong>Mar\u00eda Cabezudo Ares<\/strong> con \u2018Charly de Lamadrid\u2019. En la clasificaci\u00f3n general, se pone l\u00edder <strong>Evelin Saiz<\/strong>, gracias a sus dos segundos puestos tanto en Los Robles como en Laredo.<\/p>\n<p style=\"text-align: justify;\">En la prueba de 0.60 metros, la amazona del Centro H\u00edpico Santander, <strong>Victoria Alonso Vidal de la Pe\u00f1a<\/strong> con el poni \u2018Carlitos\u2019 sum\u00f3 el tiempo m\u00e1s r\u00e1pido. Segunda fue <strong>Paloma Salvadores<\/strong> con Sidharta y tercera <strong>Ana Fern\u00e1ndez de Velasco<\/strong> con Cuco, qui\u00e9n sigue liderando la clasificaci\u00f3n general con un total de veinte puntos.<\/p>\n<p style=\"text-align: justify;\">En la prueba de altura 0.90 metros, <strong>Sandra Canduela<\/strong> con \u2018Ilton Mustior\u2019 fue primera despu\u00e9s de marcar el mejor tiempo entre los doce ceros que hubo en la prueba. Segunda fue <strong>Daniela Bengoechea<\/strong> con \u2018Sangrila\u2019 y tercera <strong>Patricia del Rio<\/strong> con \u2018Vindio\u2019. En la clasificaci\u00f3n general de la Liga C\u00e1ntabra de Saltos, <strong>Daniela Bengoechea<\/strong> se coloca como l\u00edder provisional con 18 puntos.<\/p>\n<p style=\"text-align: justify;\"><strong>Rebeca Marcos<\/strong> con \u2018Aralar\u2019 sum\u00f3 el mejor tiempo en un recorrido sin falta en la prueba de 1.10 metros. Segunda fue <strong>Victoria Mu\u00f1oz<\/strong> con \u2018Cuca de Tana\u2019 y tercera <strong>Ana Fern\u00e1ndez de Velasco<\/strong> con el veterano \u2018Eole d\u2019 Arbaz\u2019. La amazona de la Yeguada El Pomar, <strong>Celia Hern\u00e1ndez<\/strong>, sigue l\u00edder en la clasificaci\u00f3n gracias a su victoria en Los Robles y su cuarto puesto en Laredo.<\/p>\n<p style=\"text-align: justify;\">Por \u00faltimo, en la prueba grande de 1.20 metros, el jinete del Centro H\u00edpico Laredo, <strong>Javier Cu\u00f1arro<\/strong> registr\u00f3 el mejor tiempo con \u2018Jague de Mara\u2019, segundo fue <strong>Pablo Gonz\u00e1lez Pedrosa<\/strong> con \u2018Pescador de Cueto\u2019 y tercera <strong>Beatriz Pulgar<\/strong> con \u2018Cazador de Cueto\u2019. La clasificaci\u00f3n general se encuentra empatada entre <strong>Manuel Guillen<\/strong> y <strong>Pablo Gonz\u00e1lez<\/strong> con 13 puntos, situ\u00e1ndose a un punto de ellos, <strong>Javier Cu\u00f1arro<\/strong>.<\/p>\n<p style=\"text-align: justify;\">El pr\u00f3ximo viernes d\u00eda 19 comenzar\u00e1 el primer Concurso de Saltos Nacional de la temporada en Cantabria en el Centro H\u00edpico Laredo y que tendr\u00e1 un total de 6.100 euros en met\u00e1lico.<\/p>\n<h2 style=\"text-align: center;\"><strong><a href=\"http:\/\/www.facebook.com\/media\/set\/?set=a.524434717592595.1073741890.505823252787075&amp;type=1&amp;l=9a30a2c2fd\">GALERIA DE FOTOGRAF\u00cdAS<\/a><\/strong><\/h2>\n<h2 style=\"text-align: center;\"><strong><a href=\"http:\/\/federacioncantabradehipica.com\/web\/wp-content\/uploads\/2013\/04\/LigaSaltoLaredo2013Resultados.pdf\">RESULTADOS<\/a><\/strong><\/h2>\n<h2 style=\"text-align: center;\"><a href=\"http:\/\/federacioncantabradehipica.com\/web\/wp-content\/uploads\/2013\/04\/clasificaciongenerallaredo1.pdf\">CLASIFICACI\u00d3N GENERAL<\/a><\/h2>\n","protected":false},"excerpt":{"rendered":"<p>Evelin Saiz, Ana Fern\u00e1ndez de Velasco, Daniela Bengoechea, Celia Hern\u00e1ndez y Manuel Guill\u00e9n lideran la clasificaci\u00f3n general tras la segunda sede de la Liga C\u00e1ntabra de Salto<\/p>\n","protected":false},"author":1,"featured_media":605,"comment_status":"closed","ping_status":"closed","sticky":false,"template":"","format":"standard","meta":{"kt_blocks_editor_width":"","_jetpack_memberships_contains_paid_content":false,"footnotes":"","jetpack_publicize_message":"","jetpack_publicize_feature_enabled":true,"jetpack_social_post_already_shared":false,"jetpack_social_options":{"image_generator_settings":{"template":"highway","default_image_id":0,"font":"","enabled":false},"version":2}},"categories":[6],"tags":[],"class_list":["post-604","post","type-post","status-publish","format-standard","has-post-thumbnail","hentry","category-noticias"],"jetpack_publicize_connections":[],"jetpack_featured_media_url":"https:\/\/i0.wp.com\/federacioncantabradehipica.com\/web\/wp-content\/uploads\/2013\/04\/saltochlaredosede.png?fit=582%2C372&ssl=1","jetpack_sharing_enabled":true,"jetpack_shortlink":"https:\/\/wp.me\/p3jrBv-9K","jetpack_likes_enabled":false,"_links":{"self":[{"href":"https:\/\/federacioncantabradehipica.com\/web\/index.php?rest_route=\/wp\/v2\/posts\/604","targetHints":{"allow":["GET"]}}],"collection":[{"href":"https:\/\/federacioncantabradehipica.com\/web\/index.php?rest_route=\/wp\/v2\/posts"}],"about":[{"href":"https:\/\/federacioncantabradehipica.com\/web\/index.php?rest_route=\/wp\/v2\/types\/post"}],"author":[{"embeddable":true,"href":"https:\/\/federacioncantabradehipica.com\/web\/index.php?rest_route=\/wp\/v2\/users\/1"}],"replies":[{"embeddable":true,"href":"https:\/\/federacioncantabradehipica.com\/web\/index.php?rest_route=%2Fwp%2Fv2%2Fcomments&post=604"}],"version-history":[{"count":13,"href":"https:\/\/federacioncantabradehipica.com\/web\/index.php?rest_route=\/wp\/v2\/posts\/604\/revisions"}],"predecessor-version":[{"id":609,"href":"https:\/\/federacioncantabradehipica.com\/web\/index.php?rest_route=\/wp\/v2\/posts\/604\/revisions\/609"}],"wp:featuredmedia":[{"embeddable":true,"href":"https:\/\/federacioncantabradehipica.com\/web\/index.php?rest_route=\/wp\/v2\/media\/605"}],"wp:attachment":[{"href":"https:\/\/federacioncantabradehipica.com\/web\/index.php?rest_route=%2Fwp%2Fv2%2Fmedia&parent=604"}],"wp:term":[{"taxonomy":"category","embeddable":true,"href":"https:\/\/federacioncantabradehipica.com\/web\/index.php?rest_route=%2Fwp%2Fv2%2Fcategories&post=604"},{"taxonomy":"post_tag","embeddable":true,"href":"https:\/\/federacioncantabradehipica.com\/web\/index.php?rest_route=%2Fwp%2Fv2%2Ftags&post=604"}],"curies":[{"name":"wp","href":"https:\/\/api.w.org\/{rel}","templated":true}]}}