{"id":6348,"date":"2018-06-29T21:25:53","date_gmt":"2018-06-29T19:25:53","guid":{"rendered":"http:\/\/federacioncantabradehipica.com\/web\/?p=6348"},"modified":"2018-06-30T00:07:09","modified_gmt":"2018-06-29T22:07:09","slug":"elena-ruiz-y-jimena-garcia-protagonistas-en-las-dos-primeras-pruebas-del-csi-santander-2018","status":"publish","type":"post","link":"https:\/\/federacioncantabradehipica.com\/web\/?p=6348","title":{"rendered":"Elena Ruiz y Jimena Garc\u00eda, protagonistas en las dos primeras pruebas del CSI Santander 2018"},"content":{"rendered":"<p style=\"text-align: center;\"><strong>Las jovenes amazonas c\u00e1ntabras se quedan a las puertas de la victoria<\/strong><!--more--><\/p>\n<figure id=\"attachment_6349\" class=\"thumbnail wp-caption alignright\" style=\"width: 300px\"><img data-recalc-dims=\"1\" loading=\"lazy\" decoding=\"async\" data-attachment-id=\"6349\" data-permalink=\"https:\/\/federacioncantabradehipica.com\/web\/?attachment_id=6349\" data-orig-file=\"https:\/\/i0.wp.com\/federacioncantabradehipica.com\/web\/wp-content\/uploads\/2018\/06\/Captura-de-pantalla-2018-06-29-a-las-22.01.29.png?fit=598%2C514&amp;ssl=1\" data-orig-size=\"598,514\" data-comments-opened=\"0\" data-image-meta=\"{&quot;aperture&quot;:&quot;0&quot;,&quot;credit&quot;:&quot;&quot;,&quot;camera&quot;:&quot;&quot;,&quot;caption&quot;:&quot;&quot;,&quot;created_timestamp&quot;:&quot;0&quot;,&quot;copyright&quot;:&quot;&quot;,&quot;focal_length&quot;:&quot;0&quot;,&quot;iso&quot;:&quot;0&quot;,&quot;shutter_speed&quot;:&quot;0&quot;,&quot;title&quot;:&quot;&quot;,&quot;orientation&quot;:&quot;0&quot;}\" data-image-title=\"Captura de pantalla 2018-06-29 a las 22.01.29\" data-image-description=\"\" data-image-caption=\"\" data-large-file=\"https:\/\/i0.wp.com\/federacioncantabradehipica.com\/web\/wp-content\/uploads\/2018\/06\/Captura-de-pantalla-2018-06-29-a-las-22.01.29.png?fit=598%2C514&amp;ssl=1\" class=\"wp-image-6349 size-medium\" src=\"https:\/\/i0.wp.com\/federacioncantabradehipica.com\/web\/wp-content\/uploads\/2018\/06\/Captura-de-pantalla-2018-06-29-a-las-22.01.29-300x258.png?resize=300%2C258\" alt=\"\" width=\"300\" height=\"258\" srcset=\"https:\/\/i0.wp.com\/federacioncantabradehipica.com\/web\/wp-content\/uploads\/2018\/06\/Captura-de-pantalla-2018-06-29-a-las-22.01.29.png?resize=300%2C258&amp;ssl=1 300w, https:\/\/i0.wp.com\/federacioncantabradehipica.com\/web\/wp-content\/uploads\/2018\/06\/Captura-de-pantalla-2018-06-29-a-las-22.01.29.png?resize=150%2C129&amp;ssl=1 150w, https:\/\/i0.wp.com\/federacioncantabradehipica.com\/web\/wp-content\/uploads\/2018\/06\/Captura-de-pantalla-2018-06-29-a-las-22.01.29.png?w=598&amp;ssl=1 598w\" sizes=\"auto, (max-width: 300px) 100vw, 300px\" \/><figcaption class=\"caption wp-caption-text\">Elena Ruiz fue segunda en el Trofeo Hotel Real | Foto: Oxer<\/figcaption><\/figure>\n<p style=\"text-align: justify;\">PABLO LANZA | <strong>Elena Ruiz Fern\u00e1ndez<\/strong> y <strong>Jimena Garc\u00eda Rueda<\/strong> han sido las dos mejores amazonas c\u00e1ntabras en la primera jornada del\u00a0XVI Concurso de Saltos de Santander 2018.<\/p>\n<p style=\"text-align: justify;\">La amazona de\u00a0Puente San Miguel, <strong>Elena Ruiz Fern\u00e1ndez<\/strong>, que ha ganado esta temporada pruebas de 1.30 metros en\u00a0el CSN 3* Amtuna o CSN 2* Finca El Pinar, entre otros, se qued\u00f3 a las puertas de la victoria en la prueba inaugural \u00abTrofeo Hotel Real\u00bb con \u00abTaifas de La Vallarna\u00bb.<\/p>\n<p style=\"text-align: justify;\">Destacada actuaci\u00f3n tambi\u00e9n del jinete santanderino, <strong>Pablo D\u00edaz Cuevas\u00a0<\/strong>con \u00abDimenar\u00bb, que fue quinto en un recorrido sin falta en la prueba de 1.30 metros, en la que,\u00a0<strong>Saul Guti\u00e9rrez Ot\u00ed\u00a0<\/strong>con \u00abBicina\u00bb entr\u00f3 en el top-10\u00a0tras ser noveno.<\/p>\n<p style=\"text-align: justify;\">En el Trofeo Ayuntamiento de Santander (1.20 metros), <strong>Jimena Garc\u00eda Rueda<\/strong>,\u00a0subcampeona de Espa\u00f1a Infantil 2018 y campeona del XXXIX Trofeo Princesa de Asturias 2017, fue segunda con \u00abQualoe du Gautray\u00bb. <strong>Silvia Diego Pardo<\/strong> con \u00abDiamogold\u00bb logr\u00f3 el octavo puesto, mientras que, la federada c\u00e1ntabra\u00a0<strong>Mar\u00eda Le\u00f3n Gonz\u00e1lez<\/strong> ocup\u00f3 el d\u00e9cimo puesto con \u00abCareca de Ruyco\u00bb.<\/p>\n<p>En la prueba grande de la jornada, el jinete vasco afincado a Cantabria y con licencia de la FCH, <strong>Iv\u00e1n Serrano Saez<\/strong>, fue s\u00e9ptimo con \u00abTam Tam du Valon\u00bb.\u00a0<strong>Laura Diez Collado<\/strong>\u00a0(17\u00aa) fue la mejor c\u00e1ntabra de la prueba con \u00abVeroney de Walyro\u00bb.<\/p>\n<hr \/>\n<h4><strong>C\u00c1NTABROS EN EL CSI SANTANDER 2018<\/strong><\/h4>\n<p style=\"text-align: justify;\">Entre los participantes espa\u00f1oles, se encuentra una amplia representaci\u00f3n de jinetes y amazonas de la Federaci\u00f3n C\u00e1ntabra de H\u00edpica:\u00a0<strong>Pablo D\u00edaz Cuevas<\/strong>\u00a0(Alto du Roc y Dimenar),\u00a0<strong>Laura D\u00edez Collado<\/strong>\u00a0(Veroney de Walyro),\u00a0<strong>Mar\u00edo Garc\u00eda G\u00f3mez-Otero<\/strong>\u00a0(Zabaleta),\u00a0<strong>Jimena Garc\u00eda Rueda<\/strong>(Qualoe du Gautray),\u00a0<strong>Sa\u00fal Gutierrez Ot\u00ed<\/strong>\u00a0(Bicina, Cort R3 2 y Utwo de La Thiaunais),\u00a0<strong>Aridia Lav\u00edn Meruelo<\/strong>\u00a0(Tempo du Serein),\u00a0<strong>Mar\u00eda Le\u00f3n Gonz\u00e1lez<\/strong>\u00a0(Careca de Ruyco),\u00a0<strong>Elena Ruiz Fern\u00e1ndez<\/strong>\u00a0(Taifas de La Vallarna),\u00a0<strong>Iv\u00e1n Serrano Saez<\/strong>\u00a0(Osman Del Pas y Tam Tam du Valon),\u00a0<strong>Jaime Suarez P\u00e9rez<\/strong>\u00a0(Roiz de Lamadrid) y\u00a0<strong>Borja Villalon Puras<\/strong>\u00a0(Sparrow Z). Tambi\u00e9n participan las amazonas c\u00e1ntabras,\u00a0<strong>Silvia Diego Pardo<\/strong>\u00a0(Federaci\u00f3n Madrile\u00f1a) y\u00a0<strong>Ana Fernandez de Velasco<\/strong>\u00a0<strong>Arroyo<\/strong> (Federaci\u00f3n Asturiana).<\/p>\n","protected":false},"excerpt":{"rendered":"<p>Las jovenes amazonas c\u00e1ntabras se quedan a las puertas de la victoria<\/p>\n","protected":false},"author":1,"featured_media":6349,"comment_status":"closed","ping_status":"closed","sticky":false,"template":"","format":"standard","meta":{"kt_blocks_editor_width":"","_jetpack_memberships_contains_paid_content":false,"footnotes":"","jetpack_publicize_message":"","jetpack_publicize_feature_enabled":true,"jetpack_social_post_already_shared":false,"jetpack_social_options":{"image_generator_settings":{"template":"highway","default_image_id":0,"font":"","enabled":false},"version":2}},"categories":[6],"tags":[],"class_list":["post-6348","post","type-post","status-publish","format-standard","has-post-thumbnail","hentry","category-noticias"],"jetpack_publicize_connections":[],"jetpack_featured_media_url":"https:\/\/i0.wp.com\/federacioncantabradehipica.com\/web\/wp-content\/uploads\/2018\/06\/Captura-de-pantalla-2018-06-29-a-las-22.01.29.png?fit=598%2C514&ssl=1","jetpack_sharing_enabled":true,"jetpack_shortlink":"https:\/\/wp.me\/p3jrBv-1Eo","jetpack_likes_enabled":false,"_links":{"self":[{"href":"https:\/\/federacioncantabradehipica.com\/web\/index.php?rest_route=\/wp\/v2\/posts\/6348","targetHints":{"allow":["GET"]}}],"collection":[{"href":"https:\/\/federacioncantabradehipica.com\/web\/index.php?rest_route=\/wp\/v2\/posts"}],"about":[{"href":"https:\/\/federacioncantabradehipica.com\/web\/index.php?rest_route=\/wp\/v2\/types\/post"}],"author":[{"embeddable":true,"href":"https:\/\/federacioncantabradehipica.com\/web\/index.php?rest_route=\/wp\/v2\/users\/1"}],"replies":[{"embeddable":true,"href":"https:\/\/federacioncantabradehipica.com\/web\/index.php?rest_route=%2Fwp%2Fv2%2Fcomments&post=6348"}],"version-history":[{"count":7,"href":"https:\/\/federacioncantabradehipica.com\/web\/index.php?rest_route=\/wp\/v2\/posts\/6348\/revisions"}],"predecessor-version":[{"id":6365,"href":"https:\/\/federacioncantabradehipica.com\/web\/index.php?rest_route=\/wp\/v2\/posts\/6348\/revisions\/6365"}],"wp:featuredmedia":[{"embeddable":true,"href":"https:\/\/federacioncantabradehipica.com\/web\/index.php?rest_route=\/wp\/v2\/media\/6349"}],"wp:attachment":[{"href":"https:\/\/federacioncantabradehipica.com\/web\/index.php?rest_route=%2Fwp%2Fv2%2Fmedia&parent=6348"}],"wp:term":[{"taxonomy":"category","embeddable":true,"href":"https:\/\/federacioncantabradehipica.com\/web\/index.php?rest_route=%2Fwp%2Fv2%2Fcategories&post=6348"},{"taxonomy":"post_tag","embeddable":true,"href":"https:\/\/federacioncantabradehipica.com\/web\/index.php?rest_route=%2Fwp%2Fv2%2Ftags&post=6348"}],"curies":[{"name":"wp","href":"https:\/\/api.w.org\/{rel}","templated":true}]}}