{"id":6356,"date":"2018-06-29T21:00:46","date_gmt":"2018-06-29T19:00:46","guid":{"rendered":"http:\/\/federacioncantabradehipica.com\/web\/?p=6356"},"modified":"2018-06-29T23:05:08","modified_gmt":"2018-06-29T21:05:08","slug":"emotivo-homenaje-a-alfonso-arango-en-el-csi-2-santander-2018","status":"publish","type":"post","link":"https:\/\/federacioncantabradehipica.com\/web\/?p=6356","title":{"rendered":"Emotivo homenaje a Alfonso Arango en el CSI 2* Santander 2018"},"content":{"rendered":"<p style=\"text-align: center;\"><strong>Gonzalo A\u00f1\u00f3n dedic\u00f3 su triunfo al jinete madrile\u00f1o durante la entrega de premios del Trofeo Suzuki<\/strong><br \/>\n<!--more--><\/p>\n<figure id=\"attachment_6357\" class=\"thumbnail wp-caption alignright\" style=\"width: 300px\"><img data-recalc-dims=\"1\" loading=\"lazy\" decoding=\"async\" data-attachment-id=\"6357\" data-permalink=\"https:\/\/federacioncantabradehipica.com\/web\/?attachment_id=6357\" data-orig-file=\"https:\/\/i0.wp.com\/federacioncantabradehipica.com\/web\/wp-content\/uploads\/2018\/06\/min-silencio.jpg?fit=1200%2C800&amp;ssl=1\" data-orig-size=\"1200,800\" data-comments-opened=\"0\" data-image-meta=\"{&quot;aperture&quot;:&quot;0&quot;,&quot;credit&quot;:&quot;&quot;,&quot;camera&quot;:&quot;&quot;,&quot;caption&quot;:&quot;&quot;,&quot;created_timestamp&quot;:&quot;1530274677&quot;,&quot;copyright&quot;:&quot;&quot;,&quot;focal_length&quot;:&quot;0&quot;,&quot;iso&quot;:&quot;0&quot;,&quot;shutter_speed&quot;:&quot;0&quot;,&quot;title&quot;:&quot;&quot;,&quot;orientation&quot;:&quot;0&quot;}\" data-image-title=\"min-silencio\" data-image-description=\"\" data-image-caption=\"&lt;p&gt;Foto: Oxer&lt;\/p&gt;\n\" data-large-file=\"https:\/\/i0.wp.com\/federacioncantabradehipica.com\/web\/wp-content\/uploads\/2018\/06\/min-silencio.jpg?fit=1024%2C683&amp;ssl=1\" class=\"size-medium wp-image-6357\" src=\"https:\/\/i0.wp.com\/federacioncantabradehipica.com\/web\/wp-content\/uploads\/2018\/06\/min-silencio-300x200.jpg?resize=300%2C200\" alt=\"\" width=\"300\" height=\"200\" srcset=\"https:\/\/i0.wp.com\/federacioncantabradehipica.com\/web\/wp-content\/uploads\/2018\/06\/min-silencio.jpg?resize=300%2C200&amp;ssl=1 300w, https:\/\/i0.wp.com\/federacioncantabradehipica.com\/web\/wp-content\/uploads\/2018\/06\/min-silencio.jpg?resize=150%2C100&amp;ssl=1 150w, https:\/\/i0.wp.com\/federacioncantabradehipica.com\/web\/wp-content\/uploads\/2018\/06\/min-silencio.jpg?resize=1024%2C683&amp;ssl=1 1024w, https:\/\/i0.wp.com\/federacioncantabradehipica.com\/web\/wp-content\/uploads\/2018\/06\/min-silencio.jpg?w=1200&amp;ssl=1 1200w\" sizes=\"auto, (max-width: 300px) 100vw, 300px\" \/><figcaption class=\"caption wp-caption-text\">Foto: Oxer<\/figcaption><\/figure>\n<p style=\"text-align: justify;\">En la madrugada\u00a0de hoy 29 de junio ha fallecido en Madrid Alfonso Arango,\u00a0jinete miembro de una de las familias con m\u00e1s tradici\u00f3n en nuestro deporte y con una trayectoria de m\u00e1s de cuarenta a\u00f1os de competici\u00f3n en la que\u00a0todav\u00eda estaba en activo.<\/p>\n<p style=\"text-align: justify;\">Alfonso no ha podido recuperarse de la ca\u00edda sufrida en el CSI de Madrid del pasado mes de mayo, y deja un legado h\u00edpico\u00a0ejemplar para nuevas generaciones por sus victorias,\u00a0afici\u00f3n,\u00a0dedicaci\u00f3n y continua superaci\u00f3n.<\/p>\n<p style=\"text-align: justify;\">Desde el CSI de Santander, en el que compiti\u00f3 en m\u00e1s de una ocasi\u00f3n, se la ha rendido un peque\u00f1o homenaje. Todos los jinetes que participan en el concurso c\u00e1ntabro han guardado un minuto de silencio en la pista principal de la Magdalena mientras se proyectaba en la pantalla principal fotograf\u00edas del jinete.<\/p>\n<p>D.E.P<\/p>\n","protected":false},"excerpt":{"rendered":"<p>Gonzalo A\u00f1\u00f3n dedic\u00f3 su triunfo al jinete madrile\u00f1o durante la entrega de premios del Trofeo Suzuki<\/p>\n","protected":false},"author":1,"featured_media":6357,"comment_status":"closed","ping_status":"closed","sticky":false,"template":"","format":"standard","meta":{"kt_blocks_editor_width":"","_jetpack_memberships_contains_paid_content":false,"footnotes":"","jetpack_publicize_message":"","jetpack_publicize_feature_enabled":true,"jetpack_social_post_already_shared":false,"jetpack_social_options":{"image_generator_settings":{"template":"highway","default_image_id":0,"font":"","enabled":false},"version":2}},"categories":[6],"tags":[],"class_list":["post-6356","post","type-post","status-publish","format-standard","has-post-thumbnail","hentry","category-noticias"],"jetpack_publicize_connections":[],"jetpack_featured_media_url":"https:\/\/i0.wp.com\/federacioncantabradehipica.com\/web\/wp-content\/uploads\/2018\/06\/min-silencio.jpg?fit=1200%2C800&ssl=1","jetpack_sharing_enabled":true,"jetpack_shortlink":"https:\/\/wp.me\/p3jrBv-1Ew","jetpack_likes_enabled":false,"_links":{"self":[{"href":"https:\/\/federacioncantabradehipica.com\/web\/index.php?rest_route=\/wp\/v2\/posts\/6356","targetHints":{"allow":["GET"]}}],"collection":[{"href":"https:\/\/federacioncantabradehipica.com\/web\/index.php?rest_route=\/wp\/v2\/posts"}],"about":[{"href":"https:\/\/federacioncantabradehipica.com\/web\/index.php?rest_route=\/wp\/v2\/types\/post"}],"author":[{"embeddable":true,"href":"https:\/\/federacioncantabradehipica.com\/web\/index.php?rest_route=\/wp\/v2\/users\/1"}],"replies":[{"embeddable":true,"href":"https:\/\/federacioncantabradehipica.com\/web\/index.php?rest_route=%2Fwp%2Fv2%2Fcomments&post=6356"}],"version-history":[{"count":3,"href":"https:\/\/federacioncantabradehipica.com\/web\/index.php?rest_route=\/wp\/v2\/posts\/6356\/revisions"}],"predecessor-version":[{"id":6360,"href":"https:\/\/federacioncantabradehipica.com\/web\/index.php?rest_route=\/wp\/v2\/posts\/6356\/revisions\/6360"}],"wp:featuredmedia":[{"embeddable":true,"href":"https:\/\/federacioncantabradehipica.com\/web\/index.php?rest_route=\/wp\/v2\/media\/6357"}],"wp:attachment":[{"href":"https:\/\/federacioncantabradehipica.com\/web\/index.php?rest_route=%2Fwp%2Fv2%2Fmedia&parent=6356"}],"wp:term":[{"taxonomy":"category","embeddable":true,"href":"https:\/\/federacioncantabradehipica.com\/web\/index.php?rest_route=%2Fwp%2Fv2%2Fcategories&post=6356"},{"taxonomy":"post_tag","embeddable":true,"href":"https:\/\/federacioncantabradehipica.com\/web\/index.php?rest_route=%2Fwp%2Fv2%2Ftags&post=6356"}],"curies":[{"name":"wp","href":"https:\/\/api.w.org\/{rel}","templated":true}]}}